{"id":1428,"date":"2019-10-09T13:00:59","date_gmt":"2019-10-09T16:00:59","guid":{"rendered":"https:\/\/eacprime.jessicarsb.com.br\/index.php\/2019\/10\/09\/https-www-eacprime-com-quer-morar-na-irlanda-vagas-de-trabalho-e-visto-para-irlanda-dicas\/"},"modified":"2026-04-23T21:57:19","modified_gmt":"2026-04-23T21:57:19","slug":"quer-morar-na-irlanda-vagas-de-trabalho-e-visto-para-irlanda-dicas","status":"publish","type":"post","link":"https:\/\/eacprime.com\/blog\/quer-morar-na-irlanda-vagas-de-trabalho-e-visto-para-irlanda-dicas\/","title":{"rendered":"Quer morar na Irlanda? Vagas de trabalho e visto para Irlanda"},"content":{"rendered":"<p class=\"_3tkn1 _208Ie blog-post-title-font _1Z3en _2dwzH _2QAo- _1iXso _7G6-i tFDi5\"><span style=\"font-family: arial, helvetica, sans-serif; color: #000000;\"><strong>Vagas de trabalho e visto para Irlanda, morar no exterior <\/strong>\u00e9 sonho para muitos, realidade para alguns e, entre as experi\u00eancias positivas e negativas, h\u00e1 algumas \u00f3bvias e outras nem tanto. <\/span><\/p>\n<p class=\"_3tkn1 _208Ie blog-post-title-font _1Z3en _2dwzH _2QAo- _1iXso _7G6-i tFDi5\"><span style=\"font-family: arial, helvetica, sans-serif; color: #000000;\">Listamos alguns itens para voc\u00ea se preparar durante o planejamento da sua viagem, primeiro vamos falar sobre os tipos de Vistos que a <a class=\"_2qJYG blog-link-hashtag-color _3Sq3W\" style=\"color: #000000;\" href=\"http:\/\/pt.wikipedia.org\/wiki\/Rep%C3%BAblica_da_Irlanda\" target=\"_blank\" rel=\"noopener noreferrer\"><u class=\"sDZYg\">Irlanda <\/u><\/a>possui para estrangeiros. <\/span><\/p>\n<p class=\"_3tkn1 _208Ie blog-post-title-font _1Z3en _2dwzH _2QAo- _1iXso _7G6-i tFDi5\"><span style=\"font-family: arial, helvetica, sans-serif; color: #000000;\">Desta forma voc\u00ea j\u00e1 pode fazer seu planejamento seguindo as determina\u00e7\u00f5es legais para<strong> morar na Irlanda.<\/strong><\/span><\/p>\n<p>&nbsp;<\/p>\n<h3 class=\"_3tkn1 _208Ie blog-post-title-font _1Z3en _2dwzH _2QAo- _25MYV _6RI6N tFDi5\"><strong><span style=\"font-family: arial, helvetica, sans-serif; color: #000000;\">Stamp 0 \u2013 Estada tempor\u00e1ria ou Permiss\u00e3o limitada (90 dias)<\/span><\/strong><\/h3>\n<p class=\"XzvDs _208Ie tFDi5 blog-post-text-font blog-post-text-color _2QAo- _1iXso _7G6-i tFDi5\"><span style=\"font-family: arial, helvetica, sans-serif; color: #000000;\">Esse tipo de visto \u00e9 concedido a pessoas que entram na Ilha sem o objetivo de receber benef\u00edcio do Estado e que cumpram alguns requisitos, sendo um deles o de estar coberto por um seguro de sa\u00fade particular. <\/span><\/p>\n<p class=\"XzvDs _208Ie tFDi5 blog-post-text-font blog-post-text-color _2QAo- _1iXso _7G6-i tFDi5\"><span style=\"font-family: arial, helvetica, sans-serif; color: #000000;\">O imigrante que desejar entrar na Irlanda com o Stamp 0 dever\u00e1 ter os pr\u00f3prios meios de subs\u00eddio ou algu\u00e9m que o fa\u00e7a, neste \u00faltimo caso, provas ser\u00e3o necess\u00e1rias. <\/span><\/p>\n<p class=\"XzvDs _208Ie tFDi5 blog-post-text-font blog-post-text-color _2QAo- _1iXso _7G6-i tFDi5\"><span style=\"font-family: arial, helvetica, sans-serif; color: #000000;\">Este tipo de imigrante fica vedada qualquer oportunidade de emprego ou mesmo tentativa de estabelecer um neg\u00f3cio, a menos que o INIS indique a permiss\u00e3o atrav\u00e9s de uma carta.<\/span><\/p>\n<p class=\"XzvDs _208Ie tFDi5 blog-post-text-font blog-post-text-color _2QAo- _1iXso _7G6-i tFDi5\"><span style=\"font-family: arial, helvetica, sans-serif; color: #000000;\">Pessoas eleg\u00edveis a esse tipo de visto:<\/span><\/p>\n<p class=\"XzvDs _208Ie tFDi5 blog-post-text-font blog-post-text-color _2QAo- _1iXso _7G6-i tFDi5\"><span style=\"font-family: arial, helvetica, sans-serif; color: #000000;\">\u2022 Provedor de servi\u00e7o estrangeiro que tenha sido enviado \u00e0 Irlanda por uma companhia tamb\u00e9m estrangeira para executar alguma tarefa por tempo limitado;<\/span><\/p>\n<p class=\"XzvDs _208Ie tFDi5 blog-post-text-font blog-post-text-color _2QAo- _1iXso _7G6-i tFDi5\"><span style=\"font-family: arial, helvetica, sans-serif; color: #000000;\">\u2022 Algu\u00e9m cujo objetivo da visita prolongada \u00e0 Irlanda seja prestar servi\u00e7os humanit\u00e1rios;<\/span><\/p>\n<p class=\"XzvDs _208Ie tFDi5 blog-post-text-font blog-post-text-color _2QAo- _1iXso _7G6-i tFDi5\"><span style=\"font-family: arial, helvetica, sans-serif; color: #000000;\">\u2022 Visitantes acad\u00eamicos;<\/span><\/p>\n<p class=\"XzvDs _208Ie tFDi5 blog-post-text-font blog-post-text-color _2QAo- _1iXso _7G6-i tFDi5\"><span style=\"font-family: arial, helvetica, sans-serif; color: #000000;\">Para informa\u00e7\u00f5es mais detalhadas sobre esse tipo de visto, consulte o documento disponibilizado pelo INIS.<\/span><\/p>\n<p>&nbsp;<\/p>\n<h3 class=\"_3tkn1 _208Ie blog-post-title-font _1Z3en _2dwzH _2QAo- _25MYV _6RI6N tFDi5\"><strong><span style=\"font-family: arial, helvetica, sans-serif; color: #000000;\">Stamp 1 \u2013 Visto de trabalho<\/span><\/strong><\/h3>\n<p class=\"XzvDs _208Ie tFDi5 blog-post-text-font blog-post-text-color _2QAo- _1iXso _7G6-i tFDi5\"><span style=\"font-family: arial, helvetica, sans-serif; color: #000000;\">O Stamp 1 \u00e9 o almejado Visto de Trabalho. Neste caso, o cidad\u00e3o que desembarca por aqui precisar\u00e1 de uma proposta de trabalho de uma empresa estabelecida na Irlanda para aplicar para este visto. <\/span><\/p>\n<p class=\"XzvDs _208Ie tFDi5 blog-post-text-font blog-post-text-color _2QAo- _1iXso _7G6-i tFDi5\"><span style=\"font-family: arial, helvetica, sans-serif; color: #000000;\">Enquanto o empregador n\u00e3o tiver recebido a permiss\u00e3o para contrat\u00e1-lo, o imigrante que possui esse tipo de visto n\u00e3o poder\u00e1 trabalhar em outros cargos nem se envolver em nenhum neg\u00f3cio ou profiss\u00e3o sem autoriza\u00e7\u00e3o pr\u00e9via concedida pelo Minist\u00e9rio da Justi\u00e7a e da Igualdade. <\/span><\/p>\n<p class=\"XzvDs _208Ie tFDi5 blog-post-text-font blog-post-text-color _2QAo- _1iXso _7G6-i tFDi5\"><span style=\"font-family: arial, helvetica, sans-serif; color: #000000;\">O cidad\u00e3o dever\u00e1 tamb\u00e9m respeitar a data de expira\u00e7\u00e3o do visto.<\/span><\/p>\n<p class=\"XzvDs _208Ie tFDi5 blog-post-text-font blog-post-text-color _2QAo- _1iXso _7G6-i tFDi5\"><span style=\"font-family: arial, helvetica, sans-serif; color: #000000;\">Pessoas eleg\u00edveis a esse tipo de visto:<\/span><\/p>\n<p class=\"XzvDs _208Ie tFDi5 blog-post-text-font blog-post-text-color _2QAo- _1iXso _7G6-i tFDi5\"><span style=\"font-family: arial, helvetica, sans-serif; color: #000000;\">\u2022 Cidad\u00e3os de pa\u00edses que n\u00e3o fa\u00e7am parte da zona do Euro (non-EEE) e que j\u00e1 possuam Work Permit, Green Card ou permiss\u00e3o para administrar neg\u00f3cios em solo irland\u00eas;<\/span><\/p>\n<p class=\"XzvDs _208Ie tFDi5 blog-post-text-font blog-post-text-color _2QAo- _1iXso _7G6-i tFDi5\"><span style=\"font-family: arial, helvetica, sans-serif; color: #000000;\">\u2022 Cidad\u00e3os de pa\u00edses que n\u00e3o fa\u00e7am parte da zona do Euro (non-EEE) que possuam permiss\u00e3o de resid\u00eancia na Irlanda;<\/span><\/p>\n<p class=\"XzvDs _208Ie tFDi5 blog-post-text-font blog-post-text-color _2QAo- _1iXso _7G6-i tFDi5\"><span style=\"font-family: arial, helvetica, sans-serif; color: #000000;\">\u2022 Cidad\u00e3os de pa\u00edses que n\u00e3o fa\u00e7am parte da zona do Euro (non-EEE) que possuam permiss\u00e3o de trabalho como dependente de c\u00f4njuge.<\/span><\/p>\n<p>&nbsp;<\/p>\n<h3 class=\"_3tkn1 _208Ie blog-post-title-font _1Z3en _2dwzH _2QAo- _25MYV _6RI6N tFDi5\"><strong><span style=\"font-family: arial, helvetica, sans-serif; color: #000000;\">Stamp 1A \u2013 Visto de Trainee<\/span><\/strong><\/h3>\n<p class=\"XzvDs _208Ie tFDi5 blog-post-text-font blog-post-text-color _2QAo- _1iXso _7G6-i tFDi5\"><span style=\"font-family: arial, helvetica, sans-serif; color: #000000;\">Visto mais limitado, que permite o cidad\u00e3o atuar como trainee em solo irland\u00eas, em tempo integral, seguindo regras, termos e condi\u00e7\u00f5es espec\u00edficas. Acesse o site do Governo Irland\u00eas para mais detalhes.<\/span><\/p>\n<p class=\"XzvDs _208Ie tFDi5 blog-post-text-font blog-post-text-color _2QAo- _1iXso _7G6-i tFDi5\"><span style=\"font-family: arial, helvetica, sans-serif; color: #000000;\">Pessoas eleg\u00edveis a esse tipo de visto:<\/span><\/p>\n<p class=\"XzvDs _208Ie tFDi5 blog-post-text-font blog-post-text-color _2QAo- _1iXso _7G6-i tFDi5\"><span style=\"font-family: arial, helvetica, sans-serif; color: #000000;\">\u2022 Estudantes que sejam cidad\u00e3os \u201cnon-EEE\u201d de cursos de contabilidade.<\/span><\/p>\n<p>&nbsp;<\/p>\n<h3 class=\"_3tkn1 _208Ie blog-post-title-font _1Z3en _2dwzH _2QAo- _25MYV _6RI6N tFDi5\"><strong><span style=\"font-family: arial, helvetica, sans-serif; color: #000000;\">Stamp 2 \u2013 Visto de estudante com permiss\u00e3o de trabalho<\/span><\/strong><\/h3>\n<p class=\"XzvDs _208Ie tFDi5 blog-post-text-font blog-post-text-color _2QAo- _1iXso _7G6-i tFDi5\"><span style=\"font-family: arial, helvetica, sans-serif; color: #000000;\">\u00c9 o visto com o qual a maioria de n\u00f3s, brasileiros, permanece na Ilha Esmeralda, oStamp 2 \u00e9 concedido sob a condi\u00e7\u00e3o de o imigrante entrar no pa\u00eds com o objetivo de frequentar aulas regulares, podendo trabalhar at\u00e9 20h durante o per\u00edodo de aulas e at\u00e9 40h em meses espec\u00edficos (entre os meses de junho e setembro; e entre 15 de dezembro e 15 de janeiro).<\/span><\/p>\n<p class=\"XzvDs _208Ie tFDi5 blog-post-text-font blog-post-text-color _2QAo- _1iXso _7G6-i tFDi5\"><span style=\"font-family: arial, helvetica, sans-serif; color: #000000;\">O prazo de expira\u00e7\u00e3o do visto, que tem um total de 8 meses, tamb\u00e9m deve ser respeitado e o imigrante com esse tipo de permiss\u00e3o n\u00e3o poder\u00e1 recorrer a nenhum tipo de servi\u00e7os oferecidos pelo governo, tais como sa\u00fade, seguro desemprego, etc. <\/span><\/p>\n<p class=\"XzvDs _208Ie tFDi5 blog-post-text-font blog-post-text-color _2QAo- _1iXso _7G6-i tFDi5\"><span style=\"font-family: arial, helvetica, sans-serif; color: #000000;\">Para se enquadrar nesta categoria de visto \u00e9 necess\u00e1rio se matricular em um curso com dura\u00e7\u00e3o m\u00ednima de 25 semanas em uma institui\u00e7\u00e3o aprovada pelo governo Irland\u00eas. J\u00e1 escrevemos aqui sobre a lista ILEP.<\/span><\/p>\n<p class=\"XzvDs _208Ie tFDi5 blog-post-text-font blog-post-text-color _2QAo- _1iXso _7G6-i tFDi5\"><span style=\"font-family: arial, helvetica, sans-serif; color: #000000;\">Ao desembarcar na Irlanda, o oficial te dar\u00e1 um visto tempor\u00e1rio de um m\u00eas para que voc\u00ea tenha tempo para providenciar os demais itens necess\u00e1rios ao candidato a estudante no pa\u00eds, comprovando-se assim que voc\u00ea \u00e9 um estudante genu\u00edno. <\/span><\/p>\n<p class=\"XzvDs _208Ie tFDi5 blog-post-text-font blog-post-text-color _2QAo- _1iXso _7G6-i tFDi5\"><span style=\"font-family: arial, helvetica, sans-serif; color: #000000;\">Esses documentos incluem: \u2013 Carta da escola, com curso de carga m\u00ednima semanal de 15h\/aula por semana \u2013 Ter seguro governamental ou m\u00e9dico privado de uma empresa estabelecida na Irlanda \u2013 Comprovante de pagamento do curso \u2013 3.000 euros comprovados em extrato de uma conta em banco irland\u00eas ou outro m\u00e9todo aceito pelo governo \u2013 Comprova\u00e7\u00e3o de endere\u00e7o<\/span><\/p>\n<p class=\"XzvDs _208Ie tFDi5 blog-post-text-font blog-post-text-color _2QAo- _1iXso _7G6-i tFDi5\"><span style=\"font-family: arial, helvetica, sans-serif; color: #000000;\">\u2013 Prova de que a escola possui o Learner Protection. \u2013 O valor de 300 euros pelo registro do Irish Residence Permit \u2013 IRP<\/span><\/p>\n<p class=\"XzvDs _208Ie tFDi5 blog-post-text-font blog-post-text-color _2QAo- _1iXso _7G6-i tFDi5\"><span style=\"font-family: arial, helvetica, sans-serif; color: #000000;\">Obs: Uma vez que voc\u00ea tenha organizado todos esses documentos \u00e9 hora de agendar um hor\u00e1rio online e ir \u00e0 imigra\u00e7\u00e3o para solicitar o visto definitivo de um 8 meses, pegar seu cart\u00e3o de registro, o IRP e ser feliz!<\/span><\/p>\n<p class=\"XzvDs _208Ie tFDi5 blog-post-text-font blog-post-text-color _2QAo- _1iXso _7G6-i tFDi5\"><span style=\"font-family: arial, helvetica, sans-serif; color: #000000;\">Pessoas eleg\u00edveis a esse tipo de visto:<\/span><\/p>\n<p class=\"XzvDs _208Ie tFDi5 blog-post-text-font blog-post-text-color _2QAo- _1iXso _7G6-i tFDi5\"><span style=\"font-family: arial, helvetica, sans-serif; color: #000000;\">\u2022 Cidad\u00e3os non-EEE que viajem \u00e0 Ilha com o objetivo de estudar em cursos de idioma ou universit\u00e1rios por um per\u00edodo m\u00ednimo de 6 meses (e m\u00e1ximo de 8 meses \u2013 para estudantes de idiomas). Pode ser renovado at\u00e9 2 vezes.<\/span><\/p>\n<p>&nbsp;<\/p>\n<h3 class=\"_3tkn1 _208Ie blog-post-title-font _1Z3en _2dwzH _2QAo- _25MYV _6RI6N tFDi5\"><strong><span style=\"font-family: arial, helvetica, sans-serif; color: #000000;\">Stamp 2A \u2013 Visto de estudante sem permiss\u00e3o de trabalho<\/span><\/strong><\/h3>\n<p class=\"XzvDs _208Ie tFDi5 blog-post-text-font blog-post-text-color _2QAo- _1iXso _7G6-i tFDi5\"><span style=\"font-family: arial, helvetica, sans-serif; color: #000000;\">Similar ao anterior, por exigir que o imigrante esteja matriculado em um curso, no entanto, com este tipo de visto n\u00e3o \u00e9 permitido trabalhar nem em per\u00edodo integral (full-time, 40h) nem em meio per\u00edodo (part-time, 20h).<\/span><\/p>\n<p class=\"XzvDs _208Ie tFDi5 blog-post-text-font blog-post-text-color _2QAo- _1iXso _7G6-i tFDi5\"><span style=\"font-family: arial, helvetica, sans-serif; color: #000000;\">Pessoas eleg\u00edveis a esse tipo de visto:<\/span><\/p>\n<p class=\"XzvDs _208Ie tFDi5 blog-post-text-font blog-post-text-color _2QAo- _1iXso _7G6-i tFDi5\"><span style=\"font-family: arial, helvetica, sans-serif; color: #000000;\">\u2013 Cidad\u00e3os non-EEE que frequentem aulas de cursos que n\u00e3o sejam reconhecidos pelo Departamento de Educa\u00e7\u00e3o e Ci\u00eancia, no per\u00edodo m\u00e1ximo de seis meses.<\/span><\/p>\n<p class=\"XzvDs _208Ie tFDi5 blog-post-text-font blog-post-text-color _2QAo- _1iXso _7G6-i tFDi5\"><span style=\"font-family: arial, helvetica, sans-serif; color: #000000;\">Obs: Vistos de estudante s\u00f3 podem ser renovados 2 vezes!<\/span><\/p>\n<p>&nbsp;<\/p>\n<h3 class=\"_3tkn1 _208Ie blog-post-title-font _1Z3en _2dwzH _2QAo- _25MYV _6RI6N tFDi5\"><strong><span style=\"font-family: arial, helvetica, sans-serif; color: #000000;\">Stamp 3 \u2013 Perman\u00eancia sem permiss\u00e3o de trabalho<\/span><\/strong><\/h3>\n<p class=\"XzvDs _208Ie tFDi5 blog-post-text-font blog-post-text-color _2QAo- _1iXso _7G6-i tFDi5\"><span style=\"font-family: arial, helvetica, sans-serif; color: #000000;\">O Stamp 3 concede a permiss\u00e3o de perman\u00eancia, por\u00e9m sem a possibilidade de abrir um neg\u00f3cio ou atuar no mercado de trabalho (salvo algumas exce\u00e7\u00f5es), at\u00e9 a data especificada pelo oficial de imigra\u00e7\u00e3o. O imigrante dever\u00e1 respeitar a data de expira\u00e7\u00e3o do visto e n\u00e3o poder\u00e1 permanecer ap\u00f3s a mesma.<\/span><\/p>\n<p class=\"XzvDs _208Ie tFDi5 blog-post-text-font blog-post-text-color _2QAo- _1iXso _7G6-i tFDi5\"><span style=\"font-family: arial, helvetica, sans-serif; color: #000000;\">Vale ficar atento \u00e0s novidades, pois j\u00e1 existe campanhas no intuito de alterar a limita\u00e7\u00e3o dos dependentes, possibilitando assim que eles possam trabalhar no pa\u00eds assim como seus companheiros.<\/span><\/p>\n<p class=\"XzvDs _208Ie tFDi5 blog-post-text-font blog-post-text-color _2QAo- _1iXso _7G6-i tFDi5\"><span style=\"font-family: arial, helvetica, sans-serif; color: #000000;\">Pessoas eleg\u00edveis a esse tipo de visto:<\/span><\/p>\n<p class=\"XzvDs _208Ie tFDi5 blog-post-text-font blog-post-text-color _2QAo- _1iXso _7G6-i tFDi5\"><span style=\"font-family: arial, helvetica, sans-serif; color: #000000;\">\u2013 Cidad\u00e3os non-EEE que estejam visitando algu\u00e9m;<\/span><\/p>\n<p class=\"XzvDs _208Ie tFDi5 blog-post-text-font blog-post-text-color _2QAo- _1iXso _7G6-i tFDi5\"><span style=\"font-family: arial, helvetica, sans-serif; color: #000000;\">\u2013 Cidad\u00e3os non-EEE aposentados e que tenham meios para se manter;<\/span><\/p>\n<p class=\"XzvDs _208Ie tFDi5 blog-post-text-font blog-post-text-color _2QAo- _1iXso _7G6-i tFDi5\"><span style=\"font-family: arial, helvetica, sans-serif; color: #000000;\">\u2013 Cidad\u00e3o non-EEE que seja ministro de culto religioso ou membro de alguma ordem religiosa;<\/span><\/p>\n<p class=\"XzvDs _208Ie tFDi5 blog-post-text-font blog-post-text-color _2QAo- _1iXso _7G6-i tFDi5\"><span style=\"font-family: arial, helvetica, sans-serif; color: #000000;\">\u2013 Cidad\u00e3o non-EEE que seja c\u00f4njuge ou dependente de um cidad\u00e3o que possua a permiss\u00e3o de trabalho\/perman\u00eancia em solo irland\u00eas.<\/span><\/p>\n<p>&nbsp;<\/p>\n<h3 class=\"_3tkn1 _208Ie blog-post-title-font _1Z3en _2dwzH _2QAo- _25MYV _6RI6N tFDi5\"><strong><span style=\"font-family: arial, helvetica, sans-serif; color: #000000;\">Stamp 4 \u2013 Perman\u00eancia<\/span><\/strong><\/h3>\n<p class=\"XzvDs _208Ie tFDi5 blog-post-text-font blog-post-text-color _2QAo- _1iXso _7G6-i tFDi5\"><span style=\"font-family: arial, helvetica, sans-serif; color: #000000;\">Esse visto garante a perman\u00eancia em solo irland\u00eas at\u00e9 uma data especificada.<\/span><\/p>\n<p class=\"XzvDs _208Ie tFDi5 blog-post-text-font blog-post-text-color _2QAo- _1iXso _7G6-i tFDi5\"><span style=\"font-family: arial, helvetica, sans-serif; color: #000000;\">Pessoas eleg\u00edveis a esse tipo de visto:<\/span><\/p>\n<p class=\"XzvDs _208Ie tFDi5 blog-post-text-font blog-post-text-color _2QAo- _1iXso _7G6-i tFDi5\"><span style=\"font-family: arial, helvetica, sans-serif; color: #000000;\">\u2013 Cidad\u00e3o non-EEE que seja familiar de um cidad\u00e3o nacional de um dos pa\u00edses integrantes da zona do Euro (EEE);<\/span><\/p>\n<p class=\"XzvDs _208Ie tFDi5 blog-post-text-font blog-post-text-color _2QAo- _1iXso _7G6-i tFDi5\"><span style=\"font-family: arial, helvetica, sans-serif; color: #000000;\">\u2013 Cidad\u00e3o non-EEE que seja c\u00f4njuge de um cidad\u00e3o irland\u00eas;<\/span><\/p>\n<p class=\"XzvDs _208Ie tFDi5 blog-post-text-font blog-post-text-color _2QAo- _1iXso _7G6-i tFDi5\"><span style=\"font-family: arial, helvetica, sans-serif; color: #000000;\">\u2013 Refugiado;<\/span><\/p>\n<p class=\"XzvDs _208Ie tFDi5 blog-post-text-font blog-post-text-color _2QAo- _1iXso _7G6-i tFDi5\"><span style=\"font-family: arial, helvetica, sans-serif; color: #000000;\">\u2013 Cidad\u00e3o non-EEE que esteja buscando reagrupamento familiar em conformidade com o Ato de Refugiados de 1996;<\/span><\/p>\n<p class=\"XzvDs _208Ie tFDi5 blog-post-text-font blog-post-text-color _2QAo- _1iXso _7G6-i tFDi5\"><span style=\"font-family: arial, helvetica, sans-serif; color: #000000;\">\u2013 Cidad\u00e3o non-EEE que seja pai ou m\u00e3e de crian\u00e7a nascida em territ\u00f3rio irland\u00eas, no caso do governo ter autorizado a perman\u00eancia de um dos pais;<\/span><\/p>\n<p class=\"XzvDs _208Ie tFDi5 blog-post-text-font blog-post-text-color _2QAo- _1iXso _7G6-i tFDi5\"><span style=\"font-family: arial, helvetica, sans-serif; color: #000000;\">\u2013 Cidad\u00e3o non-EEE que seja familiar de um cidad\u00e3o europeu, de modo que possa ser qualificado sob o Regulamento das Comunidades Europeias de 2006.<\/span><\/p>\n<p class=\"XzvDs _208Ie tFDi5 blog-post-text-font blog-post-text-color _2QAo- _1iXso _7G6-i tFDi5\"><span style=\"font-family: arial, helvetica, sans-serif; color: #000000;\">\u2013 O Stamp 4 \u00e9 dado a profissionais que atuem em \u00e1reas de demanda no pa\u00eds e recebam uma proposta de emprego. Para conhecer essas \u00e1reas acesse o Critical Skills Employment list.<\/span><\/p>\n<p>&nbsp;<\/p>\n<h3 class=\"_3tkn1 _208Ie blog-post-title-font _1Z3en _2dwzH _2QAo- _25MYV _6RI6N tFDi5\"><strong><span style=\"font-family: arial, helvetica, sans-serif; color: #000000;\">Stamp 1G<\/span><\/strong><\/h3>\n<p class=\"XzvDs _208Ie tFDi5 blog-post-text-font blog-post-text-color _2QAo- _1iXso _7G6-i tFDi5\"><span style=\"font-family: arial, helvetica, sans-serif; color: #000000;\">O visto 1G \u00e9 o mais novo criado pelo governo irland\u00eas e surge para melhorar as possibilidades de trabalho do estudante n\u00e3o europeu e rec\u00e9m-graduado, em um dos cursos superiores dispon\u00edveis e creditados no pa\u00eds. O que \u00e9 exatamente esse visto?<\/span><\/p>\n<p class=\"XzvDs _208Ie tFDi5 blog-post-text-font blog-post-text-color _2QAo- _1iXso _7G6-i tFDi5\"><span style=\"font-family: arial, helvetica, sans-serif; color: #000000;\">O visto \u00e9 direcionado a estudantes que tenham conclu\u00eddo cursos de n\u00edvel QQI 8 a 10 e que est\u00e3o \u00e1vidos a entrar no mercado de trabalho. O stamp 1G pode ser requerido assim que esses estudantes receberem os resultados dos exames finais do seu curso. <\/span><\/p>\n<p class=\"XzvDs _208Ie tFDi5 blog-post-text-font blog-post-text-color _2QAo- _1iXso _7G6-i tFDi5\"><span style=\"font-family: arial, helvetica, sans-serif; color: #000000;\">Esse visto ser\u00e1 um chamativo para as empresas, uma vez que ele indica que esse aluno est\u00e1 apto a entrar no mercado profissional e com permiss\u00e3o de trabalho de 40h, que \u00e9 o que as empresas mais buscam. <\/span><\/p>\n<p class=\"XzvDs _208Ie tFDi5 blog-post-text-font blog-post-text-color _2QAo- _1iXso _7G6-i tFDi5\"><span style=\"font-family: arial, helvetica, sans-serif; color: #000000;\">Antes, com o Stamp 2 (visto de estudante), n\u00e3o se diferenciava quem eram os estudantes que poderiam trabalhar apenas part-time (20h), como os alunos de curso de l\u00ednguas, e quem poderia trabalhar full-time (40h). Agora isso mudou.<\/span><\/p>\n<p class=\"XzvDs _208Ie tFDi5 blog-post-text-font blog-post-text-color _2QAo- _1iXso _7G6-i tFDi5\"><span style=\"font-family: arial, helvetica, sans-serif; color: #000000;\">Al\u00e9m dessa facilidade, o estudante com o stamp 1G ter\u00e1 um ano (tempo m\u00e1ximo de dura\u00e7\u00e3o do visto) para aumentar as suas chances de ser absorvido pelo mercado profissional e receber propostas de o work permit ou green card.<\/span><\/p>\n<p class=\"XzvDs _208Ie tFDi5 blog-post-text-font blog-post-text-color _2QAo- _1iXso _7G6-i tFDi5\"><span style=\"font-family: arial, helvetica, sans-serif; color: #000000;\">Para aplicar para o visto 1G, o estudante deve tamb\u00e9m fazer parte do Graduate Scheme, um programa que d\u00e1 aos estudantes graduados o direito de trabalhar full time no pa\u00eds pelo per\u00edodo m\u00e1ximo de 12 meses.<\/span><\/p>\n<p class=\"XzvDs _208Ie tFDi5 blog-post-text-font blog-post-text-color _2QAo- _1iXso _7G6-i tFDi5\"><span style=\"font-family: arial, helvetica, sans-serif; color: #000000;\">Caso precise de mais informa\u00e7\u00f5es, vale entrar em contato diretamente com o INIS.<\/span><\/p>\n<p>&nbsp;<\/p>\n<h3 class=\"_3tkn1 _208Ie blog-post-title-font _1Z3en _2dwzH _2QAo- _25MYV _6RI6N tFDi5\"><strong><span style=\"font-family: arial, helvetica, sans-serif; color: #000000;\">Stamp 5<\/span><\/strong><\/h3>\n<p class=\"XzvDs _208Ie tFDi5 blog-post-text-font blog-post-text-color _2QAo- _1iXso _7G6-i tFDi5\"><span style=\"font-family: arial, helvetica, sans-serif; color: #000000;\">Ter\u00e3o direito a esse visto, pessoas que residiram legalmente no pa\u00eds por 8 anos. O Stamp 5 \u00e9 um visto sem data de validade determinada e \u00e9 eleg\u00edvel para quem est\u00e1 no processo de naturaliza\u00e7\u00e3o. <\/span><\/p>\n<p class=\"XzvDs _208Ie tFDi5 blog-post-text-font blog-post-text-color _2QAo- _1iXso _7G6-i tFDi5\"><span style=\"font-family: arial, helvetica, sans-serif; color: #000000;\">N\u00e3o s\u00e3o leg\u00edveis os provenientes dos vistos: Stamp 0, Stamp2, Stamp 2A, Stamp 4 (espec\u00edfico para m\u00e9dicos e profissionais em processo de transfer\u00eancia de empresa, incluindo seus dependentes), Stamp 1 (espec\u00edfico para contadores), assim como visitantes tempor\u00e1rios que receberam visto na fronteira portu\u00e1ria.<\/span><\/p>\n<p>&nbsp;<\/p>\n<h3 class=\"_3tkn1 _208Ie blog-post-title-font _1Z3en _2dwzH _2QAo- _25MYV _6RI6N tFDi5\"><strong><span style=\"font-family: arial, helvetica, sans-serif; color: #000000;\">Stamp 6<\/span><\/strong><\/h3>\n<p class=\"XzvDs _208Ie tFDi5 blog-post-text-font blog-post-text-color _2QAo- _1iXso _7G6-i tFDi5\"><span style=\"font-family: arial, helvetica, sans-serif; color: #000000;\">Recebem aqueles com dupla cidadania, sendo uma delas a Irlandesa. O Stamp 6 tamb\u00e9m garante a perman\u00eancia no pa\u00eds sem data limite.<\/span><\/p>\n<p class=\"XzvDs _208Ie tFDi5 blog-post-text-font blog-post-text-color _2QAo- _1iXso _7G6-i tFDi5\"><span style=\"font-family: arial, helvetica, sans-serif; color: #000000;\">Para obter o stamp 6 que ser\u00e1 dado no passaporte n\u00e3o irland\u00eas, o cidad\u00e3o dever\u00e1 apresentar o passaporte irland\u00eas.<\/span><\/p>\n<p class=\"XzvDs _208Ie tFDi5 blog-post-text-font blog-post-text-color _2QAo- _1iXso _7G6-i tFDi5\"><span style=\"font-family: arial, helvetica, sans-serif; color: #000000;\">Obs.: \u00c9 importante lembrar que para al\u00e9m das especifica\u00e7\u00f5es de cada tipo de visto aqui expostos, h\u00e1 outros requisitos que dever\u00e3o ser cumpridos, sob pena de deporta\u00e7\u00e3o em caso de descumprimento, e que a imigra\u00e7\u00e3o tem o direito de exigir as provas de tudo o que julgar conveniente. <\/span><\/p>\n<p class=\"XzvDs _208Ie tFDi5 blog-post-text-font blog-post-text-color _2QAo- _1iXso _7G6-i tFDi5\"><span style=\"font-family: arial, helvetica, sans-serif; color: #000000;\">Por isso, sempre que houver uma d\u00favida muito espec\u00edfica ou para saber exatamente o que voc\u00ea precisar\u00e1 apresentar \u00e0 imigra\u00e7\u00e3o, indicamos a consulta ao site do INIS ou at\u00e9 mesmo entrar em contato com o \u00f3rg\u00e3o para maiores informa\u00e7\u00f5es.<\/span><\/p>\n<p class=\"XzvDs _208Ie tFDi5 blog-post-text-font blog-post-text-color _2QAo- _1iXso _7G6-i tFDi5\"><span style=\"font-family: arial, helvetica, sans-serif; color: #000000;\">Informa\u00e7\u00f5es e acompanhamento gratuito sobre seu <strong>visto para Irlanda <\/strong>podem ser adquiridas no website. <span style=\"color: #0000ff;\"><strong><a class=\"_2qJYG blog-link-hashtag-color _3Sq3W\" style=\"color: #0000ff;\" href=\"http:\/\/www.ireland.com\/pt-br\/about-ireland\/informa%C3%A7%C3%A3o-de-viagem\/informacoes-sobre-visto-passaporte-e-embaixada-na-irlanda\/\" target=\"_blank\" rel=\"noopener noreferrer\"><u class=\"sDZYg\">Clique aqui<\/u><\/a><\/strong><\/span><\/span><\/p>\n<p class=\"XzvDs _208Ie tFDi5 blog-post-text-font blog-post-text-color _2QAo- _1iXso _7G6-i tFDi5\"><span style=\"font-family: arial, helvetica, sans-serif; color: #000000;\">Veja esta dicas r\u00e1pidas e importantes que separamos para voc\u00ea que esta querendo ir para a Irlanda.<\/span><\/p>\n<p>&nbsp;<\/p>\n<h3 class=\"_3tkn1 _208Ie blog-post-title-font _1Z3en _2dwzH _2QAo- _25MYV _6RI6N tFDi5\"><strong><span style=\"font-family: arial, helvetica, sans-serif; color: #000000;\">1 \u2013 Aten\u00e7\u00e3o \u00e0s restri\u00e7\u00f5es de bagagem<\/span><\/strong><\/h3>\n<p class=\"XzvDs _208Ie tFDi5 blog-post-text-font blog-post-text-color _2QAo- _1iXso _7G6-i tFDi5\"><span style=\"font-family: arial, helvetica, sans-serif; color: #000000;\">Preste aten\u00e7\u00e3o a quantidade de peso que voc\u00ea pode carregar em uma viagem entre cidades da Irlanda, principalmente se estiver viajando por companhias de pre\u00e7os mais baixos. Eles s\u00e3o bem exigentes quanto ao limite m\u00e1ximo de bagagens.<\/span><\/p>\n<p>&nbsp;<\/p>\n<h3 class=\"_3tkn1 _208Ie blog-post-title-font _1Z3en _2dwzH _2QAo- _25MYV _6RI6N tFDi5\"><strong><span style=\"font-family: arial, helvetica, sans-serif; color: #000000;\">2 \u2013 Var morar na Irlanda? Cuidado com os Adaptadores<\/span><\/strong><\/h3>\n<p class=\"XzvDs _208Ie tFDi5 blog-post-text-font blog-post-text-color _2QAo- _1iXso _7G6-i tFDi5\"><span style=\"font-family: arial, helvetica, sans-serif; color: #000000;\">Os americanos que v\u00e3o pra l\u00e1 fazem isso muito bem. N\u00e3o esque\u00e7a de estocar o m\u00e1ximo de adaptadores que voc\u00ea conseguir. A corrente el\u00e9trica \u00e9 bem diferenciada, al\u00e9m disso as entradas e tomadas tamb\u00e9m s\u00e3o bem distintas.<\/span><\/p>\n<p>&nbsp;<\/p>\n<h3 class=\"_3tkn1 _208Ie blog-post-title-font _1Z3en _2dwzH _2QAo- _25MYV _6RI6N tFDi5\"><strong><span style=\"font-family: arial, helvetica, sans-serif; color: #000000;\">3 \u2013 Morar na Irlanda \u2013 Vai chover<\/span><\/strong><\/h3>\n<p class=\"XzvDs _208Ie tFDi5 blog-post-text-font blog-post-text-color _2QAo- _1iXso _7G6-i tFDi5\"><span style=\"font-family: arial, helvetica, sans-serif; color: #000000;\">E muito. Ent\u00e3o, esteja sempre preparado para sair de guarda-chuva ou galochas.<\/span><\/p>\n<p>&nbsp;<\/p>\n<h3 class=\"_3tkn1 _208Ie blog-post-title-font _1Z3en _2dwzH _2QAo- _25MYV _6RI6N tFDi5\"><strong><span style=\"font-family: arial, helvetica, sans-serif; color: #000000;\">4 \u2013 Mas pode fazer sol<\/span><\/strong><\/h3>\n<p class=\"XzvDs _208Ie tFDi5 blog-post-text-font blog-post-text-color _2QAo- _1iXso _7G6-i tFDi5\"><span style=\"font-family: arial, helvetica, sans-serif; color: #000000;\">Pois \u00e9. De repente, em um dia de chuva, pode sair aquele solzinho maroto. Ent\u00e3o, n\u00e3o esque\u00e7a tamb\u00e9m os \u00f3culos de sol.<\/span><\/p>\n<p>&nbsp;<\/p>\n<h3 class=\"_3tkn1 _208Ie blog-post-title-font _1Z3en _2dwzH _2QAo- _25MYV _6RI6N tFDi5\"><strong><span style=\"font-family: arial, helvetica, sans-serif; color: #000000;\">5 -Ingl\u00eas \u00e9 a l\u00edngua oficial<\/span><\/strong><\/h3>\n<p class=\"XzvDs _208Ie tFDi5 blog-post-text-font blog-post-text-color _2QAo- _1iXso _7G6-i tFDi5\"><span style=\"font-family: arial, helvetica, sans-serif; color: #000000;\">E \u00e9 por isso que voc\u00ea deve ir fazer um interc\u00e2mbio por l\u00e1. O Irland\u00eas n\u00e3o \u00e9 muito falado, a n\u00e3o ser que voc\u00ea decida fazer um tour pelas regi\u00f5es ga\u00e9licas.<\/span><\/p>\n<p>&nbsp;<\/p>\n<h3 class=\"_3tkn1 _208Ie blog-post-title-font _1Z3en _2dwzH _2QAo- _25MYV _6RI6N tFDi5\"><strong><span style=\"font-family: arial, helvetica, sans-serif; color: #000000;\">6 \u2013 Irlandeses s\u00e3o reclam\u00f5es<\/span><\/strong><\/h3>\n<p class=\"XzvDs _208Ie tFDi5 blog-post-text-font blog-post-text-color _2QAo- _1iXso _7G6-i tFDi5\"><span style=\"font-family: arial, helvetica, sans-serif; color: #000000;\">Mas chega a ser bonitinho. Normalmente voc\u00ea vai encontrar os irlandeses reclamando do tempo, dos bancos, do governo\u2026 mas n\u00e3o tenha medo. C\u00e3o que ladra n\u00e3o morde e, quase tudo, sempre termina em um pub com muita guinness para comemorar as reclama\u00e7\u00f5es.<\/span><\/p>\n<p>&nbsp;<\/p>\n<h3 class=\"_3tkn1 _208Ie blog-post-title-font _1Z3en _2dwzH _2QAo- _25MYV _6RI6N tFDi5\"><strong><span style=\"font-family: arial, helvetica, sans-serif; color: #000000;\">7 \u2013 Eles dirigem do lado \u201cerrado\u201d da rua<\/span><\/strong><\/h3>\n<p class=\"XzvDs _208Ie tFDi5 blog-post-text-font blog-post-text-color _2QAo- _1iXso _7G6-i tFDi5\"><span style=\"font-family: arial, helvetica, sans-serif; color: #000000;\">Ao morar na Irlanda voc\u00ea vai perceber que eles dirigem do lado oposto ao que estamos acostumados no Brasil.<\/span><\/p>\n<p>&nbsp;<\/p>\n<h3 class=\"_3tkn1 _208Ie blog-post-title-font _1Z3en _2dwzH _2QAo- _25MYV _6RI6N tFDi5\"><strong><span style=\"font-family: arial, helvetica, sans-serif; color: #000000;\">8 \u2013 Gorjetas n\u00e3o s\u00e3o obrigat\u00f3rias<\/span><\/strong><\/h3>\n<p class=\"XzvDs _208Ie tFDi5 blog-post-text-font blog-post-text-color _2QAo- _1iXso _7G6-i tFDi5\"><span style=\"font-family: arial, helvetica, sans-serif; color: #000000;\">A n\u00e3o ser que voc\u00ea queira mesmo dar uma gorjeta por um bom servi\u00e7o de t\u00e1xi ou qualquer outra coisa que for contratar. Mas, n\u00e3o se sinta na obriga\u00e7\u00e3o.<\/span><\/p>\n<p>&nbsp;<\/p>\n<h3 class=\"_3tkn1 _208Ie blog-post-title-font _1Z3en _2dwzH _2QAo- _1iXso _7G6-i tFDi5\"><strong><span style=\"font-family: arial, helvetica, sans-serif; color: #000000;\">9 \u2013 Nem sempre os \u00f4nibus param s\u00f3 com um aceno<\/span><\/strong><\/h3>\n<p class=\"XzvDs _208Ie tFDi5 blog-post-text-font blog-post-text-color _2QAo- _1iXso _7G6-i tFDi5\"><span style=\"font-family: arial, helvetica, sans-serif; color: #000000;\">Quando estiver morando na Irlanda voc\u00ea vai perceber que, quase sempre, o aceno n\u00e3o \u00e9 suficiente para fazer um \u00f4nibus parar. Ent\u00e3o, n\u00e3o se assuste se voc\u00ea vir uma pessoa pulando no ponto de \u00f4nibus. Com o tempo, voc\u00ea se acostuma a fazer isso tamb\u00e9m.<\/span><\/p>\n<p>&nbsp;<\/p>\n<h3 class=\"_3tkn1 _208Ie blog-post-title-font _1Z3en _2dwzH _2QAo- _25MYV _6RI6N tFDi5\"><strong><span style=\"font-family: arial, helvetica, sans-serif; color: #000000;\">10- Qualquer coisa acima de 17\u00ba C \u00e9 considerado calor absurdo<\/span><\/strong><\/h3>\n<p class=\"XzvDs _208Ie tFDi5 blog-post-text-font blog-post-text-color _2QAo- _1iXso _7G6-i tFDi5\"><span style=\"font-family: arial, helvetica, sans-serif; color: #000000;\">E a\u00ed, a galera da Irlanda sai de casa, vai para os parques, praias\u2026 todo mundo de shorts e derretendo com uma temperatura de, vejam voc\u00eas, 21\u00ba C.<\/span><\/p>\n<p>&nbsp;<\/p>\n<h3 class=\"_3tkn1 _208Ie blog-post-title-font _1Z3en _2dwzH _2QAo- _25MYV _6RI6N tFDi5\"><strong><span style=\"font-family: arial, helvetica, sans-serif; color: #000000;\">11 \u2013 4 em 1<\/span><\/strong><\/h3>\n<p class=\"XzvDs _208Ie tFDi5 blog-post-text-font blog-post-text-color _2QAo- _1iXso _7G6-i tFDi5\"><span style=\"font-family: arial, helvetica, sans-serif; color: #000000;\">Chegou em casa depois de uma noitada? Um 4 e 1 vai muito bem! \u00c9 um prato que cura qualquer ressaca, muito consumido entre os irlandeses e que tem: arroz, curry, batatas fritas e frango com molho. Del\u00edcia!<\/span><\/p>\n<p>&nbsp;<\/p>\n<h3 class=\"_3tkn1 _208Ie blog-post-title-font _1Z3en _2dwzH _2QAo- _25MYV _6RI6N tFDi5\"><strong><span style=\"font-family: arial, helvetica, sans-serif; color: #000000;\">12 \u2013 Nunca diga n\u00e3o se te oferecem uma x\u00edcara de ch\u00e1<\/span><\/strong><\/h3>\n<p class=\"XzvDs _208Ie tFDi5 blog-post-text-font blog-post-text-color _2QAo- _1iXso _7G6-i tFDi5\"><span style=\"font-family: arial, helvetica, sans-serif; color: #000000;\">Aceite. Ao morar na Irlanda voc\u00ea vai perceber que o povo \u00e9 bem amistoso, ent\u00e3o, aceite o ch\u00e1 que te oferecem, deguste (porque \u00e9 uma del\u00edcia) e bata um bom papo. <\/span><\/p>\n<p class=\"XzvDs _208Ie tFDi5 blog-post-text-font blog-post-text-color _2QAo- _1iXso _7G6-i tFDi5\"><span style=\"font-family: arial, helvetica, sans-serif; color: #000000;\">N\u00e3o aceitar \u00e9 considerado m\u00e1 educa\u00e7\u00e3o.<\/span><\/p>\n","protected":false},"excerpt":{"rendered":"<p>Vagas de trabalho e visto para Irlanda, morar no exterior \u00e9 sonho para muitos, realidade para alguns e, entre as experi\u00eancias positivas e negativas, h\u00e1 algumas \u00f3bvias e outras nem tanto. Listamos alguns itens para voc\u00ea se preparar durante o planejamento da sua viagem, primeiro vamos falar sobre os tipos de Vistos que a Irlanda [&hellip;]<\/p>\n","protected":false},"author":1,"featured_media":78,"comment_status":"closed","ping_status":"closed","sticky":false,"template":"","format":"standard","meta":{"footnotes":""},"categories":[1237],"tags":[],"class_list":["post-1428","post","type-post","status-publish","format-standard","has-post-thumbnail","hentry","category-mercado-de-trabalho"],"_links":{"self":[{"href":"https:\/\/eacprime.com\/blog\/wp-json\/wp\/v2\/posts\/1428","targetHints":{"allow":["GET"]}}],"collection":[{"href":"https:\/\/eacprime.com\/blog\/wp-json\/wp\/v2\/posts"}],"about":[{"href":"https:\/\/eacprime.com\/blog\/wp-json\/wp\/v2\/types\/post"}],"author":[{"embeddable":true,"href":"https:\/\/eacprime.com\/blog\/wp-json\/wp\/v2\/users\/1"}],"replies":[{"embeddable":true,"href":"https:\/\/eacprime.com\/blog\/wp-json\/wp\/v2\/comments?post=1428"}],"version-history":[{"count":1,"href":"https:\/\/eacprime.com\/blog\/wp-json\/wp\/v2\/posts\/1428\/revisions"}],"predecessor-version":[{"id":120402,"href":"https:\/\/eacprime.com\/blog\/wp-json\/wp\/v2\/posts\/1428\/revisions\/120402"}],"wp:featuredmedia":[{"embeddable":true,"href":"https:\/\/eacprime.com\/blog\/wp-json\/wp\/v2\/media\/78"}],"wp:attachment":[{"href":"https:\/\/eacprime.com\/blog\/wp-json\/wp\/v2\/media?parent=1428"}],"wp:term":[{"taxonomy":"category","embeddable":true,"href":"https:\/\/eacprime.com\/blog\/wp-json\/wp\/v2\/categories?post=1428"},{"taxonomy":"post_tag","embeddable":true,"href":"https:\/\/eacprime.com\/blog\/wp-json\/wp\/v2\/tags?post=1428"}],"curies":[{"name":"wp","href":"https:\/\/api.w.org\/{rel}","templated":true}]}}