{"id":1465,"date":"2019-11-18T13:00:50","date_gmt":"2019-11-18T16:00:50","guid":{"rendered":"https:\/\/eacprime.jessicarsb.com.br\/index.php\/2019\/11\/18\/https-www-eacprime-com-oportunidades-de-trabalho-e-carreiras-2020\/"},"modified":"2026-04-23T21:57:05","modified_gmt":"2026-04-23T21:57:05","slug":"oportunidades-de-trabalho-e-carreiras-2020","status":"publish","type":"post","link":"https:\/\/eacprime.com\/blog\/oportunidades-de-trabalho-e-carreiras-2020\/","title":{"rendered":"Oportunidades de Trabalho e Carreiras 2020"},"content":{"rendered":"<p class=\"XzvDs _208Ie tFDi5 blog-post-text-font blog-post-text-color _2QAo- _1iXso _7G6-i tFDi5\"><span style=\"font-family: arial, helvetica, sans-serif; color: #000000;\">Oportunidades de Trabalho e Carreiras, quem pensa em morar fora do Brasil tem os <strong>Estados Unidos<\/strong> como uma das principais op\u00e7\u00f5es de destino. <\/span><\/p>\n<p class=\"XzvDs _208Ie tFDi5 blog-post-text-font blog-post-text-color _2QAo- _1iXso _7G6-i tFDi5\"><span style=\"font-family: arial, helvetica, sans-serif; color: #000000;\">O pa\u00eds que mais recebe imigrantes no planeta conta com uma explos\u00e3o de vagas de emprego e oferece qualidade de vida. <\/span><\/p>\n<p class=\"XzvDs _208Ie tFDi5 blog-post-text-font blog-post-text-color _2QAo- _1iXso _7G6-i tFDi5\"><span style=\"font-family: arial, helvetica, sans-serif; color: #000000;\">Veja onde e<strong>ncontrar trabalho nos EUA <\/strong>para brasileiros em 2020, conhe\u00e7a os principais tipos de visto e fique por dentro das m\u00e9dias salariais.<\/span><\/p>\n<p class=\"XzvDs _208Ie tFDi5 blog-post-text-font blog-post-text-color _2QAo- _1iXso _7G6-i tFDi5\"><span style=\"font-family: arial, helvetica, sans-serif; color: #000000;\">De acordo com informa\u00e7\u00f5es do Itamaraty, h\u00e1 mais de 1,3 milh\u00e3o de brasileiros vivendo na terra do Tio Sam, sendo que 300 mil deles moram na Fl\u00f3rida. <\/span><\/p>\n<p class=\"XzvDs _208Ie tFDi5 blog-post-text-font blog-post-text-color _2QAo- _1iXso _7G6-i tFDi5\"><span style=\"font-family: arial, helvetica, sans-serif; color: #000000;\">Estima-se que esse n\u00famero \u00e9 maior, afinal, n\u00e3o leva em conta o fluxo migrat\u00f3rio ilegal, essas pessoas resolveram migrar em busca de <strong>qualidade de vida, seguran\u00e7a, bons sal\u00e1rios e educa\u00e7\u00e3o de excel\u00eancia<\/strong>.<\/span><\/p>\n<p>&nbsp;<\/p>\n<h2 class=\"_3f-vr _208Ie blog-post-title-font _19AEJ _6Xxhi _2QAo- _25MYV _6RI6N tFDi5\"><span style=\"font-family: arial, helvetica, sans-serif; color: #000000;\"><strong>Seja um imigrante legal<\/strong><\/span><\/h2>\n<p class=\"XzvDs _208Ie tFDi5 blog-post-text-font blog-post-text-color _2QAo- _1iXso _7G6-i tFDi5\"><span style=\"font-family: arial, helvetica, sans-serif;\"><span style=\"color: #000000;\">Ser um <strong>imigrante legal nos Estados Unidos <\/strong>\u00e9 um fator extremamente importante, principalmente com<\/span> <a class=\"_2qJYG blog-link-hashtag-color _3Sq3W\" href=\"http:\/\/pt.wikipedia.org\/wiki\/Donald_Trump\" target=\"_blank\" rel=\"noopener noreferrer\">Donald Trump<\/a> <span style=\"color: #000000;\">na presid\u00eancia. <\/span><\/span><\/p>\n<p class=\"XzvDs _208Ie tFDi5 blog-post-text-font blog-post-text-color _2QAo- _1iXso _7G6-i tFDi5\"><span style=\"font-family: arial, helvetica, sans-serif; color: #000000;\">Quem n\u00e3o respeita as leis de imigra\u00e7\u00e3o no pa\u00eds corre o risco de ser deportado e ter o sonho de trabalhar nos EUA adiado.<\/span><\/p>\n<p class=\"XzvDs _208Ie tFDi5 blog-post-text-font blog-post-text-color _2QAo- _1iXso _7G6-i tFDi5\"><span style=\"font-family: arial, helvetica, sans-serif; color: #000000;\">Com Trump na presid\u00eancia, os brasileiros precisam estar preparados para enfrentar mais burocracia na emiss\u00e3o do<strong> visto de trabalho<\/strong>. <\/span><\/p>\n<p class=\"XzvDs _208Ie tFDi5 blog-post-text-font blog-post-text-color _2QAo- _1iXso _7G6-i tFDi5\"><span style=\"font-family: arial, helvetica, sans-serif; color: #000000;\">Somente os estrangeiros altamente qualificados n\u00e3o ser\u00e3o t\u00e3o impactados pelas novas pol\u00edticas imigrat\u00f3rias, afinal, eles s\u00e3o acolhidos facilmente pelo mercado norte-americano.<\/span><\/p>\n<p>&nbsp;<\/p>\n<h2 class=\"_3f-vr _208Ie blog-post-title-font _19AEJ _6Xxhi _2QAo- _25MYV _6RI6N tFDi5\"><span style=\"color: #000000;\"><span style=\"font-family: arial, helvetica, sans-serif;\"><strong>Canad\u00e1 tem 430 mil vagas de emprego \u2013 e quer imigrantes para ocup\u00e1-la<\/strong><\/span><span style=\"font-family: arial, helvetica, sans-serif;\"><strong>s<\/strong><\/span><\/span><\/h2>\n<p class=\"XzvDs _208Ie tFDi5 blog-post-text-font blog-post-text-color _2QAo- _1iXso _7G6-i tFDi5\"><span style=\"font-family: arial, helvetica, sans-serif; color: #000000;\">A taxa de desemprego do pa\u00eds est\u00e1 em 5,6%, menor n\u00edvel desde 1976, as principais \u00e1reas afetadas s\u00e3o servi\u00e7os, constru\u00e7\u00e3o, agricultura e hidrocarbonetos<\/span><\/p>\n<p class=\"XzvDs _208Ie tFDi5 blog-post-text-font blog-post-text-color _2QAo- _1iXso _7G6-i tFDi5\"><span style=\"font-family: arial, helvetica, sans-serif;\"><span style=\"color: #000000;\">Dono de uma das 10 maiores economias do mundo, o<\/span> <a class=\"_2qJYG blog-link-hashtag-color _3Sq3W\" href=\"http:\/\/pt.wikipedia.org\/wiki\/Canad%C3%A1\" target=\"_blank\" rel=\"noopener noreferrer\">Canad\u00e1 <\/a><span style=\"color: #000000;\">enfrenta dificuldades com a falta de m\u00e3o de obra qualificada. <\/span><\/span><\/p>\n<p class=\"XzvDs _208Ie tFDi5 blog-post-text-font blog-post-text-color _2QAo- _1iXso _7G6-i tFDi5\"><span style=\"font-family: arial, helvetica, sans-serif; color: #000000;\">Em um ano, o n\u00famero de vagas n\u00e3o preenchidas aumentou de 2,9% para 3,3%, segundo dados da Federa\u00e7\u00e3o de Empresas Independentes do Canad\u00e1. S\u00e3o cerca de 430 mil vagas sem candidatos.<\/span><\/p>\n<p class=\"XzvDs _208Ie tFDi5 blog-post-text-font blog-post-text-color _2QAo- _1iXso _7G6-i tFDi5\"><span style=\"font-family: arial, helvetica, sans-serif; color: #000000;\">Um dos principais planos do governo canadense para lidar com a demanda \u00e9 o incentivo \u00e0 imigra\u00e7\u00e3o.<\/span><\/p>\n<p class=\"XzvDs _208Ie tFDi5 blog-post-text-font blog-post-text-color _2QAo- _1iXso _7G6-i tFDi5\"><span style=\"font-family: arial, helvetica, sans-serif;\"><span style=\"color: #000000;\"> Em novembro de 2017, o primeiro ministro<\/span> <a class=\"_2qJYG blog-link-hashtag-color _3Sq3W\" href=\"http:\/\/pt.wikipedia.org\/wiki\/Justin_Trudeau\" target=\"_blank\" rel=\"noopener noreferrer\">Justin Trudeau<\/a> <span style=\"color: #000000;\">apresentou um projeto de tr\u00eas anos para aumentar o n\u00famero de trabalhadores estrangeiros. <\/span><\/span><\/p>\n<p class=\"XzvDs _208Ie tFDi5 blog-post-text-font blog-post-text-color _2QAo- _1iXso _7G6-i tFDi5\"><span style=\"font-family: arial, helvetica, sans-serif; color: #000000;\">Agora em 2019, a regi\u00e3o deve contratar 330 mil pessoas qualificadas de outros lugares do mundo e, em 2020, 340 mil.<\/span><\/p>\n<p>&nbsp;<\/p>\n<h2 class=\"_3f-vr _208Ie blog-post-title-font _19AEJ _6Xxhi _2QAo- _25MYV _6RI6N tFDi5\"><span style=\"font-family: arial, helvetica, sans-serif; color: #000000;\"><strong>As carreiras em alta nos 15 melhores pa\u00edses para trabalhar<\/strong><\/span><\/h2>\n<p><span style=\"font-family: arial, helvetica, sans-serif; color: #000000;\">Ranking mostra os 15 melhores pa\u00edses para desenvolver carreira internacional. Em parceria com a Universidade da Pennsylvania e a consultoria BAV, o site U.S.<\/span><\/p>\n<p><span style=\"font-family: arial, helvetica, sans-serif; color: #000000;\"> News listou 15 pa\u00edses que buscam m\u00e3o de obra estrangeira e oferecem uma boa contrapartida para os novos ingressantes no mercado. <\/span><\/p>\n<p><span style=\"color: #000000;\"><span style=\"font-family: arial, helvetica, sans-serif;\">O levantamento ouviu cerca de 6 mil pessoas com at\u00e9 35 anos de idade a respeito de 7 atributos que caracterizam um ambiente favor\u00e1vel \u00e0 imigra\u00e7\u00e3o:<\/span><span style=\"font-family: arial, helvetica, sans-serif;\"> oportunidades de trabalho, estabilidade econ\u00f4mica, abertura ao empreendedorismo, distribui\u00e7\u00e3o de renda, inova\u00e7\u00e3o, qualidade de vida e grau de desenvolvimento.<\/span><\/span><\/p>\n<p><span style=\"font-family: arial, helvetica, sans-serif; color: #000000;\"> O resultado \u00e9 uma lista dos 15 melhores destinos para come\u00e7ar uma carreira internacional na vis\u00e3o dos entrevistados, e inclui ambientes t\u00e3o diferentes quanto China e Holanda.<\/span><\/p>\n<p>&nbsp;<\/p>\n<h2 class=\"_3f-vr _208Ie blog-post-title-font _19AEJ _6Xxhi _2QAo- _1iXso _7G6-i tFDi5\"><span style=\"font-family: arial, helvetica, sans-serif; color: #000000;\"><strong>Quer saber mais sobre est\u00e1 mat\u00e9ria? Acompanhe nosso pr\u00f3ximo post com maiores informa\u00e7\u00f5es.<\/strong><\/span><\/h2>\n<p><span style=\"font-family: arial, helvetica, sans-serif; color: #000000;\">Lembre: Falar ingl\u00eas fluentemente \u00e9 uma obriga\u00e7\u00e3o para quem esta tentando uma carreira no exterior, comece hoje seu curso de ingl\u00eas em imers\u00e3o e esteja preparado para o mercado de trabalho em 2020. <\/span><\/p>\n<p><span style=\"font-family: arial, helvetica, sans-serif; color: #000000;\">As vagas para o curso de ingl\u00eas em imers\u00e3o de 2020 est\u00e3o prestes a esgotar. <\/span><\/p>\n<p><span style=\"font-family: arial, helvetica, sans-serif; color: #000000;\">Entre em contato com a central de atendimento e verifique a disponibilidade.<\/span><\/p>\n","protected":false},"excerpt":{"rendered":"<p>Oportunidades de Trabalho e Carreiras, quem pensa em morar fora do Brasil tem os Estados Unidos como uma das principais op\u00e7\u00f5es de destino. O pa\u00eds que mais recebe imigrantes no planeta conta com uma explos\u00e3o de vagas de emprego e oferece qualidade de vida. Veja onde encontrar trabalho nos EUA para brasileiros em 2020, conhe\u00e7a [&hellip;]<\/p>\n","protected":false},"author":1,"featured_media":115,"comment_status":"closed","ping_status":"closed","sticky":false,"template":"","format":"standard","meta":{"footnotes":""},"categories":[1237],"tags":[],"class_list":["post-1465","post","type-post","status-publish","format-standard","has-post-thumbnail","hentry","category-mercado-de-trabalho"],"_links":{"self":[{"href":"https:\/\/eacprime.com\/blog\/wp-json\/wp\/v2\/posts\/1465","targetHints":{"allow":["GET"]}}],"collection":[{"href":"https:\/\/eacprime.com\/blog\/wp-json\/wp\/v2\/posts"}],"about":[{"href":"https:\/\/eacprime.com\/blog\/wp-json\/wp\/v2\/types\/post"}],"author":[{"embeddable":true,"href":"https:\/\/eacprime.com\/blog\/wp-json\/wp\/v2\/users\/1"}],"replies":[{"embeddable":true,"href":"https:\/\/eacprime.com\/blog\/wp-json\/wp\/v2\/comments?post=1465"}],"version-history":[{"count":1,"href":"https:\/\/eacprime.com\/blog\/wp-json\/wp\/v2\/posts\/1465\/revisions"}],"predecessor-version":[{"id":120421,"href":"https:\/\/eacprime.com\/blog\/wp-json\/wp\/v2\/posts\/1465\/revisions\/120421"}],"wp:featuredmedia":[{"embeddable":true,"href":"https:\/\/eacprime.com\/blog\/wp-json\/wp\/v2\/media\/115"}],"wp:attachment":[{"href":"https:\/\/eacprime.com\/blog\/wp-json\/wp\/v2\/media?parent=1465"}],"wp:term":[{"taxonomy":"category","embeddable":true,"href":"https:\/\/eacprime.com\/blog\/wp-json\/wp\/v2\/categories?post=1465"},{"taxonomy":"post_tag","embeddable":true,"href":"https:\/\/eacprime.com\/blog\/wp-json\/wp\/v2\/tags?post=1465"}],"curies":[{"name":"wp","href":"https:\/\/api.w.org\/{rel}","templated":true}]}}