{"id":1475,"date":"2019-11-25T13:00:30","date_gmt":"2019-11-25T16:00:30","guid":{"rendered":"https:\/\/eacprime.jessicarsb.com.br\/index.php\/2019\/11\/25\/https-www-eacprime-com-profissionais-em-falta-na-europa\/"},"modified":"2026-04-23T21:56:35","modified_gmt":"2026-04-23T21:56:35","slug":"profissionais-em-falta-na-europa","status":"publish","type":"post","link":"https:\/\/eacprime.com\/blog\/profissionais-em-falta-na-europa\/","title":{"rendered":"Profissionais em falta na Europa"},"content":{"rendered":"<p class=\"XzvDs _208Ie tFDi5 blog-post-text-font blog-post-text-color _2QAo- _1iXso _7G6-i tFDi5\"><span style=\"font-family: arial, helvetica, sans-serif; color: #000000;\">Profissionais em falta na Europa, \u00e9 comum vermos as pessoas dizendo que t\u00eam vontade de sair do Brasil para trabalhar na Europa, mudar de vida e recome\u00e7ar. Para isso, \u00e9 importante saber como est\u00e1 o mercado de trabalho na Europa e quais s\u00e3o os profissionais em falta na Europa.<\/span><\/p>\n<h3 class=\"_3tkn1 _208Ie blog-post-title-font _1Z3en _2dwzH _2QAo- _25MYV _6RI6N tFDi5\"><span style=\"font-family: arial, helvetica, sans-serif; color: #000000;\"><strong>Lista de profissionais em falta na Europa<\/strong><\/span><\/h3>\n<ul class=\"_2PG9L _3YdDb\">\n<li class=\"_1BJwx _208Ie tFDi5 _3G_TD _3XFe6 _2QAo- _25MYV _6RI6N tFDi5\">\n<p class=\"_208Ie\"><span style=\"font-family: arial, helvetica, sans-serif; color: #000000;\">Marceneiro, construtores, artes\u00e3os, encanador, serralheiros (sal\u00e1rios at\u00e9 3.000\u20ac);<\/span><\/p>\n<\/li>\n<li class=\"_1BJwx _208Ie tFDi5 _3G_TD _3XFe6 _2QAo- _25MYV _6RI6N tFDi5\">\n<p class=\"_208Ie\"><span style=\"font-family: arial, helvetica, sans-serif; color: #000000;\">Engenheiro: automotivo, TI, software, avia\u00e7\u00e3o, mec\u00e2nico, produ\u00e7\u00e3o (sal\u00e1rios at\u00e9 8.000\u20ac);<\/span><\/p>\n<\/li>\n<li class=\"_1BJwx _208Ie tFDi5 _3G_TD _3XFe6 _2QAo- _25MYV _6RI6N tFDi5\">\n<p class=\"_208Ie\"><span style=\"font-family: arial, helvetica, sans-serif; color: #000000;\">Vendedores, assistentes e gestores de lojas (sal\u00e1rios at\u00e9 3.000\u20ac);<\/span><\/p>\n<\/li>\n<li class=\"_1BJwx _208Ie tFDi5 _3G_TD _3XFe6 _2QAo- _25MYV _6RI6N tFDi5\">\n<p class=\"_208Ie\"><span style=\"font-family: arial, helvetica, sans-serif; color: #000000;\">Gerentes e executivos: business, TI, software, financeiro, comercial, marketing (sal\u00e1rios at\u00e9 6.000\u20ac);<\/span><\/p>\n<\/li>\n<li class=\"_1BJwx _208Ie tFDi5 _3G_TD _3XFe6 _2QAo- _25MYV _6RI6N tFDi5\">\n<p class=\"_208Ie\"><span style=\"font-family: arial, helvetica, sans-serif; color: #000000;\">Especialistas em finan\u00e7as e contabilidade (sal\u00e1rios at\u00e9 5.000\u20ac);<\/span><\/p>\n<\/li>\n<li class=\"_1BJwx _208Ie tFDi5 _3G_TD _3XFe6 _2QAo- _25MYV _6RI6N tFDi5\">\n<p class=\"_208Ie\"><span style=\"font-family: arial, helvetica, sans-serif; color: #000000;\">Profissionais de TI (sal\u00e1rio at\u00e9 5.000\u20ac);<\/span><\/p>\n<\/li>\n<li class=\"_1BJwx _208Ie tFDi5 _3G_TD _3XFe6 _2QAo- _25MYV _6RI6N tFDi5\">\n<p class=\"_208Ie\"><span style=\"font-family: arial, helvetica, sans-serif; color: #000000;\">Assistentes bil\u00edngues para escrit\u00f3rio (sal\u00e1rios at\u00e9 3.000\u20ac);<\/span><\/p>\n<\/li>\n<li class=\"_1BJwx _208Ie tFDi5 _3G_TD _3XFe6 _2QAo- _25MYV _6RI6N tFDi5\">\n<p class=\"_208Ie\"><span style=\"font-family: arial, helvetica, sans-serif; color: #000000;\">Trabalhadores semi-qualificados: operacional, ajudantes, log\u00edstica, el\u00e9trica, com\u00e9rcio (sal\u00e1rios at\u00e9 3.000\u20ac);<\/span><\/p>\n<\/li>\n<li class=\"_1BJwx _208Ie tFDi5 _3G_TD _3XFe6 _2QAo- _25MYV _6RI6N tFDi5\">\n<p class=\"_208Ie\"><span style=\"font-family: arial, helvetica, sans-serif; color: #000000;\">Profissionais da sa\u00fade: m\u00e9dicos, dentistas, enfermeiras, cuidadores (sal\u00e1rios at\u00e9 10.000\u20ac).<\/span><\/p>\n<\/li>\n<li><\/li>\n<\/ul>\n<h3 class=\"_3tkn1 _208Ie blog-post-title-font _1Z3en _2dwzH _2QAo- _25MYV _6RI6N tFDi5\"><span style=\"font-family: arial, helvetica, sans-serif; color: #000000;\"><strong>Os 16 melhores pa\u00edses para conseguir emprego na Europa.<\/strong><\/span><\/h3>\n<ol class=\"knh9u _26oj2\">\n<li class=\"_3_0WU _208Ie tFDi5 _3G_TD _3Ch9j _2QAo- _25MYV _6RI6N tFDi5\">\n<p class=\"_208Ie\"><span style=\"font-family: arial, helvetica, sans-serif; color: #000000;\"><a class=\"_2qJYG blog-link-hashtag-color _3Sq3W\" style=\"color: #000000;\" href=\"http:\/\/pt.wikipedia.org\/wiki\/Est%C3%B3nia\" target=\"_blank\" rel=\"noopener noreferrer\"><u class=\"sDZYg\">EST\u00d4NIA <\/u><\/a>\u2013 \u00c9 oficial (de acordo com <a class=\"_2qJYG blog-link-hashtag-color _3Sq3W\" style=\"color: #000000;\" href=\"http:\/\/www.glassdoor.com.br\/index.htm\" target=\"_blank\" rel=\"noopener noreferrer\"><u class=\"sDZYg\">Glassdoor <\/u><\/a>pelo menos), a Est\u00f4nia \u00e9 o melhor pa\u00eds da Europa para conseguir um emprego, opequeno Pa\u00eds do B\u00e1ltico, que abriga apenas 1,3 milh\u00e3o de pessoas, obteve pontua\u00e7\u00f5es perfeitas para tr\u00eas indicadores \u2013 emprego tempor\u00e1rio, emprego tempor\u00e1rio de jovens e trabalho parcial involunt\u00e1rio. <\/span><\/p>\n<\/li>\n<li class=\"_3_0WU _208Ie tFDi5 _3G_TD _3Ch9j _2QAo- _25MYV _6RI6N tFDi5\">\n<p class=\"_208Ie\"><span style=\"font-family: arial, helvetica, sans-serif; color: #000000;\">Menos de 3% dos que trabalham no pa\u00eds est\u00e3o em empregos tempor\u00e1rios, o melhor de qualquer pa\u00eds europeu.<\/span><\/p>\n<\/li>\n<li class=\"_3_0WU _208Ie tFDi5 _3G_TD _3Ch9j _2QAo- _25MYV _6RI6N tFDi5\">\n<p class=\"_208Ie\"><span style=\"font-family: arial, helvetica, sans-serif; color: #000000;\"><a class=\"_2qJYG blog-link-hashtag-color _3Sq3W\" style=\"color: #000000;\" href=\"http:\/\/pt.wikipedia.org\/wiki\/Noruega\" target=\"_blank\" rel=\"noopener noreferrer\"><u class=\"sDZYg\">NORUEGA <\/u><\/a>\u2013 A Noruega obteve uma classifica\u00e7\u00e3o geral de 0,9 na pesquisa, empatada com a Est\u00f4nia, e classificada entre as tr\u00eas primeiras por quatro dos seis indicadores. O pa\u00eds foi votado o mais pr\u00f3spero pelo ranking do Instituto Legatum, desde 2009 \u2013 e seria o melhor pa\u00eds da Europa para se encontrar emprego se n\u00e3o tivesse uma pontua\u00e7\u00e3o relativamente baixa, 0,6, para a mudan\u00e7a de emprego desde 2007.<\/span><\/p>\n<\/li>\n<li class=\"_3_0WU _208Ie tFDi5 _3G_TD _3Ch9j _2QAo- _25MYV _6RI6N tFDi5\">\n<p class=\"_208Ie\"><span style=\"font-family: arial, helvetica, sans-serif; color: #000000;\"><a class=\"_2qJYG blog-link-hashtag-color _3Sq3W\" style=\"color: #000000;\" href=\"http:\/\/pt.wikipedia.org\/wiki\/Reino_Unido\" target=\"_blank\" rel=\"noopener noreferrer\"><u class=\"sDZYg\">REINO UNIDO \u2013 A Gr\u00e3-Bretanha<\/u><\/a> est\u00e1 entre os tr\u00eas primeiros para ambos os indicadores de desemprego pesquisados \u200b\u200be recebe uma pontua\u00e7\u00e3o total de 0,8, colocando-a entre os tr\u00eas melhores pa\u00edses da Europa para conseguir um emprego. No entanto, est\u00e1 abaixo da m\u00e9dia para o n\u00famero de pessoas que trabalham em tempo parcial e involuntariamente. <\/span><\/p>\n<\/li>\n<li class=\"_3_0WU _208Ie tFDi5 _3G_TD _3Ch9j _2QAo- _25MYV _6RI6N tFDi5\">\n<p class=\"_208Ie\"><span style=\"font-family: arial, helvetica, sans-serif; color: #000000;\">Mas n\u00f3s ainda n\u00e3o sabemos como vai ficar a situa\u00e7\u00e3o se eles resolverem sair da Uni\u00e3o Europ\u00e9ia.<\/span><\/p>\n<\/li>\n<li class=\"_3_0WU _208Ie tFDi5 _3G_TD _3Ch9j _2QAo- _25MYV _6RI6N tFDi5\">\n<p class=\"_208Ie\"><span style=\"font-family: arial, helvetica, sans-serif; color: #000000;\"><a class=\"_2qJYG blog-link-hashtag-color _3Sq3W\" style=\"color: #000000;\" href=\"http:\/\/pt.wikipedia.org\/wiki\/%C3%81ustria\" target=\"_blank\" rel=\"noopener noreferrer\"><u class=\"sDZYg\">\u00c1USTRIA <\/u><\/a>\u2013 a \u00c1ustria \u00e9 um dos tr\u00eas \u00fanicos pa\u00edses pesquisados \u200b\u200bque tem mais gente empregada agora do que antes da crise financeira, mesmo que este n\u00famero tenha aumentado menos de 1%.<\/span><\/p>\n<\/li>\n<li class=\"_3_0WU _208Ie tFDi5 _3G_TD _3Ch9j _2QAo- _25MYV _6RI6N tFDi5\">\n<p class=\"_208Ie\"><span style=\"font-family: arial, helvetica, sans-serif; color: #000000;\"><a class=\"_2qJYG blog-link-hashtag-color _3Sq3W\" style=\"color: #000000;\" href=\"http:\/\/pt.wikipedia.org\/wiki\/Dinamarca\" target=\"_blank\" rel=\"noopener noreferrer\"><u class=\"sDZYg\">DINAMARCA <\/u><\/a>\u2013 Pouco mais de 10% dos jovens dinamarqueses est\u00e3o desempregados, abaixo da m\u00e9dia da OCDE. <\/span><\/p>\n<\/li>\n<li class=\"_3_0WU _208Ie tFDi5 _3G_TD _3Ch9j _2QAo- _25MYV _6RI6N tFDi5\">\n<p class=\"_208Ie\"><span style=\"font-family: arial, helvetica, sans-serif; color: #000000;\">O pa\u00eds escandinavo obteve pontua\u00e7\u00e3o acima da m\u00e9dia em todos os \u00edndices, menos no indicador de mudan\u00e7a em sua taxa de emprego desde a crise financeira.<\/span><\/p>\n<\/li>\n<li class=\"_3_0WU _208Ie tFDi5 _3G_TD _3Ch9j _2QAo- _25MYV _6RI6N tFDi5\">\n<p class=\"_208Ie\"><span style=\"font-family: arial, helvetica, sans-serif; color: #000000;\"><a class=\"_2qJYG blog-link-hashtag-color _3Sq3W\" style=\"color: #000000;\" href=\"http:\/\/pt.wikipedia.org\/wiki\/Alemanha\" target=\"_blank\" rel=\"noopener noreferrer\"><u class=\"sDZYg\">ALEMANHA<\/u><\/a> \u2013 A economia alem\u00e3 registou a melhor recupera\u00e7\u00e3o e melhora do n\u00famero de postos de trabalho desde a crise financeira. 2,8% pessoas a mais est\u00e3o trabalhando desde 2007.<\/span><\/p>\n<\/li>\n<li class=\"_3_0WU _208Ie tFDi5 _3G_TD _3Ch9j _2QAo- _25MYV _6RI6N tFDi5\">\n<p class=\"_208Ie\"><span style=\"font-family: arial, helvetica, sans-serif; color: #000000;\"><a class=\"_2qJYG blog-link-hashtag-color _3Sq3W\" style=\"color: #000000;\" href=\"http:\/\/pt.wikipedia.org\/wiki\/Su%C3%AD%C3%A7a\" target=\"_blank\" rel=\"noopener noreferrer\"><u class=\"sDZYg\">SU\u00cd\u00c7A <\/u><\/a>\u2013 A Su\u00ed\u00e7a estaria entre os 3 primeiros se n\u00e3o tivesse problemas com empregos tempor\u00e1rios. O sal\u00e1rio base na Su\u00ed\u00e7a \u00e9 o mais lato da Europa.<\/span><\/p>\n<\/li>\n<li class=\"_3_0WU _208Ie tFDi5 _3G_TD _3Ch9j _2QAo- _25MYV _6RI6N tFDi5\">\n<p class=\"_208Ie\"><span style=\"font-family: arial, helvetica, sans-serif; color: #000000;\"><a class=\"_2qJYG blog-link-hashtag-color _3Sq3W\" style=\"color: #000000;\" href=\"http:\/\/pt.wikipedia.org\/wiki\/B%C3%A9lgica\" target=\"_blank\" rel=\"noopener noreferrer\"><u class=\"sDZYg\">B\u00c9LGICA <\/u><\/a>\u2013 A B\u00e9lgica \u00e9 um pa\u00eds muito grande para encontrar um emprego. Ele obteve pontua\u00e7\u00f5es acima da m\u00e9dia em todos, exceto em um dos indicadores do <a class=\"_2qJYG blog-link-hashtag-color _3Sq3W\" style=\"color: #000000;\" href=\"http:\/\/www.glassdoor.com.br\/index.htm\" target=\"_blank\" rel=\"noopener noreferrer\"><u class=\"sDZYg\">Glassdoor<\/u><\/a>, a quantidade de empregos tempor\u00e1rios.<\/span><\/p>\n<\/li>\n<li class=\"_3_0WU _208Ie tFDi5 _3G_TD _3Ch9j _2QAo- _25MYV _6RI6N tFDi5\">\n<p class=\"_208Ie\"><span style=\"font-family: arial, helvetica, sans-serif; color: #000000;\"><a class=\"_2qJYG blog-link-hashtag-color _3Sq3W\" style=\"color: #000000;\" href=\"http:\/\/pt.wikipedia.org\/wiki\/Finl%C3%A2ndia\" target=\"_blank\" rel=\"noopener noreferrer\"><u class=\"sDZYg\">FINL\u00c2NDIA <\/u><\/a>\u2013 Os finlandeses tiveram a luz verde em trabalho a tempo parcial involunt\u00e1rio, juventude e estat\u00edsticas de desemprego harmonizadas.<\/span><\/p>\n<\/li>\n<li class=\"_3_0WU _208Ie tFDi5 _3G_TD _3Ch9j _2QAo- _25MYV _6RI6N tFDi5\">\n<p class=\"_208Ie\"><span style=\"font-family: arial, helvetica, sans-serif; color: #000000;\"><a class=\"_2qJYG blog-link-hashtag-color _3Sq3W\" style=\"color: #000000;\" href=\"http:\/\/pt.wikipedia.org\/wiki\/Pa%C3%ADses_Baixos\" target=\"_blank\" rel=\"noopener noreferrer\"><u class=\"sDZYg\">PA\u00cdSES BAIXOS<\/u><\/a> \u2013 Os Pa\u00edses Baixos obtiveram bons resultados, mas a sua pontua\u00e7\u00e3o global foi reduzida por uma pontua\u00e7\u00e3o muito baixa na categoria de trabalho tempor\u00e1rio.<\/span><\/p>\n<\/li>\n<li class=\"_3_0WU _208Ie tFDi5 _3G_TD _3Ch9j _2QAo- _25MYV _6RI6N tFDi5\">\n<p class=\"_208Ie\"><span style=\"font-family: arial, helvetica, sans-serif; color: #000000;\"><a class=\"_2qJYG blog-link-hashtag-color _3Sq3W\" style=\"color: #000000;\" href=\"http:\/\/pt.wikipedia.org\/wiki\/Fran%C3%A7a\" target=\"_blank\" rel=\"noopener noreferrer\"><u class=\"sDZYg\">FRAN\u00c7A <\/u><\/a>\u2013 A Fran\u00e7a situa-se nos piores cinco pa\u00edses pesquisados \u200b\u200btanto para o desemprego juvenil como para o emprego tempor\u00e1rio. Mais de 20% dos jovens do pa\u00eds est\u00e3o desempregados, enquanto cerca de 15% dos trabalhadores est\u00e3o em emprego tempor\u00e1rio, bem acima da m\u00e9dia da OCDE de 11%.<\/span><\/p>\n<\/li>\n<li class=\"_3_0WU _208Ie tFDi5 _3G_TD _3Ch9j _2QAo- _25MYV _6RI6N tFDi5\">\n<p class=\"_208Ie\"><span style=\"font-family: arial, helvetica, sans-serif; color: #000000;\"><a class=\"_2qJYG blog-link-hashtag-color _3Sq3W\" style=\"color: #000000;\" href=\"http:\/\/pt.wikipedia.org\/wiki\/Rep%C3%BAblica_da_Irlanda\" target=\"_blank\" rel=\"noopener noreferrer\"><u class=\"sDZYg\">IRLANDA <\/u><\/a>\u2013 S\u00f3 a Espanha e a Gr\u00e9cia obtiveram resultados piores do que a Irlanda no que diz respeito \u00e0 redu\u00e7\u00e3o do hiato do emprego desde a crise financeira. As taxas de emprego no pa\u00eds s\u00e3o quase 10% mais baixas do que no final de 2007. No entanto, para quem \u00e9 da \u00e1rea de TI, a Irlanda ainda \u00e9 um bom destino, pois empresas como Google e Facebook montaram no pa\u00eds seus QGs na Europa.<\/span><\/p>\n<\/li>\n<li class=\"_3_0WU _208Ie tFDi5 _3G_TD _3Ch9j _2QAo- _25MYV _6RI6N tFDi5\">\n<p class=\"_208Ie\"><span style=\"font-family: arial, helvetica, sans-serif; color: #000000;\"><a class=\"_2qJYG blog-link-hashtag-color _3Sq3W\" style=\"color: #000000;\" href=\"http:\/\/pt.wikipedia.org\/wiki\/It%C3%A1lia\" target=\"_blank\" rel=\"noopener noreferrer\"><u class=\"sDZYg\">IT\u00c1LIA <\/u><\/a>\u2013 A It\u00e1lia \u00e9 a terceira maior taxa de desemprego juvenil de todos os pa\u00edses pesquisados, mais de 40%. A It\u00e1lia ficou na frente de Portugal pois tem melhor \u00edndice de crescimento do n\u00famero de empregos desde a crise em 2007. <\/span><\/p>\n<\/li>\n<li class=\"_3_0WU _208Ie tFDi5 _3G_TD _3Ch9j _2QAo- _25MYV _6RI6N tFDi5\">\n<p class=\"_208Ie\"><span style=\"font-family: arial, helvetica, sans-serif; color: #000000;\">Mas dependendo da regi\u00e3o da It\u00e1lia que voc\u00ea decidir morar, pode ser um pouco mais dif\u00edcil arrumar um emprego. Mas existem algumas profiss\u00f5es em alta na It\u00e1lia que ningu\u00e9m (ou quase) quer fazer!<\/span><\/p>\n<\/li>\n<li class=\"_3_0WU _208Ie tFDi5 _3G_TD _3Ch9j _2QAo- _25MYV _6RI6N tFDi5\">\n<p class=\"_208Ie\"><span style=\"font-family: arial, helvetica, sans-serif; color: #000000;\"><a class=\"_2qJYG blog-link-hashtag-color _3Sq3W\" style=\"color: #000000;\" href=\"http:\/\/pt.wikipedia.org\/wiki\/Portugal\" target=\"_blank\" rel=\"noopener noreferrer\"><u class=\"sDZYg\">PORTUGAL <\/u><\/a>\u2013 Portugal obteve resultados inferiores \u00e0 m\u00e9dia em todas as categorias. Foi salvo pela maior pontua\u00e7\u00e3o no indicador de trabalho a tempo parcial involunt\u00e1rio, onde recebeu 0,7.<\/span><\/p>\n<\/li>\n<li class=\"_3_0WU _208Ie tFDi5 _3G_TD _3Ch9j _2QAo- _25MYV _6RI6N tFDi5\">\n<p class=\"_208Ie\"><span style=\"font-family: arial, helvetica, sans-serif; color: #000000;\"><a class=\"_2qJYG blog-link-hashtag-color _3Sq3W\" style=\"color: #000000;\" href=\"http:\/\/pt.wikipedia.org\/wiki\/Gr%C3%A9cia\" target=\"_blank\" rel=\"noopener noreferrer\"><u class=\"sDZYg\">GR\u00c9CIA <\/u><\/a>\u2013 Outro pa\u00eds onde o desemprego tem sido um grande problema nos \u00faltimos anos, a Gr\u00e9cia obt\u00e9m melhores resultados do que a Espanha em algumas categorias. Obteve uma pontua\u00e7\u00e3o \u201cm\u00e9dia\u201d nos indicadores de desemprego tempor\u00e1rio.<\/span><\/p>\n<\/li>\n<li class=\"_3_0WU _208Ie tFDi5 _3G_TD _3Ch9j _2QAo- _25MYV _6RI6N tFDi5\">\n<p class=\"_208Ie\"><span style=\"font-family: arial, helvetica, sans-serif; color: #000000;\"><a class=\"_2qJYG blog-link-hashtag-color _3Sq3W\" style=\"color: #000000;\" href=\"http:\/\/pt.wikipedia.org\/wiki\/Espanha\" target=\"_blank\" rel=\"noopener noreferrer\"><u class=\"sDZYg\">ESPANHA <\/u><\/a>\u2013 A Espanha teve uma pontua\u00e7\u00e3o bastante baixa, com uma pontua\u00e7\u00e3o global de apenas 0,1. N\u00e3o obteve nenhum ponto no desemprego juvenil, emprego tempor\u00e1rio e categorias de trabalho tempor\u00e1rio para jovens.<\/span><\/p>\n<\/li>\n<\/ol>\n<p class=\"_3tkn1 _208Ie blog-post-title-font _1Z3en _2dwzH _2QAo- _25MYV _6RI6N tFDi5\"><span style=\"font-family: arial, helvetica, sans-serif; color: #000000;\">Antes de iniciar sua procura por oportunidades na Europa, lembre que o Ingl\u00eas \u00e9 obrigat\u00f3ria para qualquer posto que voc\u00ea deseja se candidatar. <\/span><\/p>\n<p class=\"_3tkn1 _208Ie blog-post-title-font _1Z3en _2dwzH _2QAo- _25MYV _6RI6N tFDi5\"><span style=\"font-family: arial, helvetica, sans-serif; color: #000000;\">Fa\u00e7a um curso de ingl\u00eas r\u00e1pido por imers\u00e3o, obtenha seu n\u00edvel de flu\u00eancia e esteja pronto para novas oportunidades.<u class=\"sDZYg\"> <\/u><\/span><\/p>\n<p class=\"_3tkn1 _208Ie blog-post-title-font _1Z3en _2dwzH _2QAo- _25MYV _6RI6N tFDi5\"><span style=\"font-family: arial, helvetica, sans-serif; color: #0000ff;\"><strong><a class=\"_2qJYG blog-link-hashtag-color _3Sq3W\" style=\"color: #0000ff;\" href=\"\" target=\"_top\" rel=\"noreferrer noopener\"><u class=\"sDZYg\">Clique aqui.<\/u><\/a><\/strong><\/span><\/p>\n","protected":false},"excerpt":{"rendered":"<p>Profissionais em falta na Europa, \u00e9 comum vermos as pessoas dizendo que t\u00eam vontade de sair do Brasil para trabalhar na Europa, mudar de vida e recome\u00e7ar. Para isso, \u00e9 importante saber como est\u00e1 o mercado de trabalho na Europa e quais s\u00e3o os profissionais em falta na Europa. Lista de profissionais em falta na [&hellip;]<\/p>\n","protected":false},"author":1,"featured_media":125,"comment_status":"closed","ping_status":"closed","sticky":false,"template":"","format":"standard","meta":{"footnotes":""},"categories":[1],"tags":[],"class_list":["post-1475","post","type-post","status-publish","format-standard","has-post-thumbnail","hentry","category-ingles-em-imersao"],"_links":{"self":[{"href":"https:\/\/eacprime.com\/blog\/wp-json\/wp\/v2\/posts\/1475","targetHints":{"allow":["GET"]}}],"collection":[{"href":"https:\/\/eacprime.com\/blog\/wp-json\/wp\/v2\/posts"}],"about":[{"href":"https:\/\/eacprime.com\/blog\/wp-json\/wp\/v2\/types\/post"}],"author":[{"embeddable":true,"href":"https:\/\/eacprime.com\/blog\/wp-json\/wp\/v2\/users\/1"}],"replies":[{"embeddable":true,"href":"https:\/\/eacprime.com\/blog\/wp-json\/wp\/v2\/comments?post=1475"}],"version-history":[{"count":1,"href":"https:\/\/eacprime.com\/blog\/wp-json\/wp\/v2\/posts\/1475\/revisions"}],"predecessor-version":[{"id":120426,"href":"https:\/\/eacprime.com\/blog\/wp-json\/wp\/v2\/posts\/1475\/revisions\/120426"}],"wp:featuredmedia":[{"embeddable":true,"href":"https:\/\/eacprime.com\/blog\/wp-json\/wp\/v2\/media\/125"}],"wp:attachment":[{"href":"https:\/\/eacprime.com\/blog\/wp-json\/wp\/v2\/media?parent=1475"}],"wp:term":[{"taxonomy":"category","embeddable":true,"href":"https:\/\/eacprime.com\/blog\/wp-json\/wp\/v2\/categories?post=1475"},{"taxonomy":"post_tag","embeddable":true,"href":"https:\/\/eacprime.com\/blog\/wp-json\/wp\/v2\/tags?post=1475"}],"curies":[{"name":"wp","href":"https:\/\/api.w.org\/{rel}","templated":true}]}}