{"id":1488,"date":"2019-11-29T13:00:49","date_gmt":"2019-11-29T16:00:49","guid":{"rendered":"https:\/\/eacprime.jessicarsb.com.br\/index.php\/2019\/11\/29\/https-www-eacprime-com-ingles-em-imersao-inscricoes-de-janeiro-em-finalizacao\/"},"modified":"2026-04-23T21:56:30","modified_gmt":"2026-04-23T21:56:30","slug":"ingles-em-imersao-inscricoes-de-janeiro-em-finalizacao","status":"publish","type":"post","link":"https:\/\/eacprime.com\/blog\/ingles-em-imersao-inscricoes-de-janeiro-em-finalizacao\/","title":{"rendered":"Ingl\u00eas em Imers\u00e3o  Inscri\u00e7\u00f5es &#8211; Finaliza\u00e7\u00e3o"},"content":{"rendered":"<h3 class=\"_3tkn1 _208Ie blog-post-title-font _1Z3en _2dwzH _2QAo- _25MYV _6RI6N tFDi5\"><span style=\"font-family: arial, helvetica, sans-serif; color: #000000;\"><strong>As inscri\u00e7\u00f5es para Inicio de Curso em Janeiro\/2020 est\u00e3o em encerramento. <\/strong><\/span><\/h3>\n<p class=\"XzvDs _208Ie tFDi5 blog-post-text-font blog-post-text-color _2QAo- _25MYV _6RI6N tFDi5\"><span style=\"font-family: arial, helvetica, sans-serif; color: #000000;\">Ingl\u00eas em imers\u00e3o inscri\u00e7\u00f5es, aproveite a Black Friday, na compra do <a class=\"_2qJYG blog-link-hashtag-color _3Sq3W\" style=\"color: #000000;\" href=\"\" target=\"_top\" rel=\"noreferrer noopener\"><u class=\"sDZYg\"><strong><span style=\"color: #0000ff;\">curso de Imers\u00e3o de 08 meses, ganhe Preparat\u00f3rio para o TOEFL incluso<\/span><\/strong>. <\/u><\/a><\/span><\/p>\n<p class=\"XzvDs _208Ie tFDi5 blog-post-text-font blog-post-text-color _2QAo- _25MYV _6RI6N tFDi5\"><span style=\"font-family: arial, helvetica, sans-serif; color: #000000;\">Vejas as caracter\u00edsticas do curso:<\/span><\/p>\n<p class=\"XzvDs _208Ie tFDi5 blog-post-text-font blog-post-text-color _2QAo- _25MYV _6RI6N tFDi5\"><span style=\"font-family: arial, helvetica, sans-serif; color: #000000;\"><strong>1- Como s\u00e3o as aulas?<\/strong><\/span><\/p>\n<p class=\"XzvDs _208Ie tFDi5 blog-post-text-font blog-post-text-color _2QAo- _25MYV _6RI6N tFDi5\"><span style=\"font-family: arial, helvetica, sans-serif; color: #000000;\">As aulas s\u00e3o todos os dias, s\u00e3o 100% individuais com um professor que fica exclusivo para seu atendimento das 7 \u00e0s 23:59 todos os dias da semana. Todas as aulas s\u00e3o ao vivo com seu professor todos os dias, n\u00e3o existem aulas gravadas. Sua interatividade \u00e9 100% individual e ao vivo (Personnalit\u00e9).<\/span><\/p>\n<p class=\"XzvDs _208Ie tFDi5 blog-post-text-font blog-post-text-color _2QAo- _25MYV _6RI6N tFDi5\"><span style=\"font-family: arial, helvetica, sans-serif; color: #000000;\">A meta de aula di\u00e1ria \u00e9 em m\u00e9dia de 3 horas das quais em m\u00e9dia 50% deste tempo voc\u00ea passa com seu professor e 50% efetuando exerc\u00edcios (meta semanal de 15 horas). Tudo \u00e9 realizado dentro da plataforma de ensino da institui\u00e7\u00e3o que conta com salas de aulas virtuais de \u00faltima tecnologia e intera\u00e7\u00e3o.<\/span><\/p>\n<p class=\"XzvDs _208Ie tFDi5 blog-post-text-font blog-post-text-color _2QAo- _25MYV _6RI6N tFDi5\"><span style=\"font-family: arial, helvetica, sans-serif; color: #000000;\">Lembramos aos alunos que estudar em sistema de imers\u00e3o \u00e9 um pouco mais puxado, por\u00e9m os resultados vem em curto per\u00edodo de tempo.<\/span><\/p>\n<p class=\"XzvDs _208Ie tFDi5 blog-post-text-font blog-post-text-color _2QAo- _25MYV _6RI6N tFDi5\"><span style=\"font-family: arial, helvetica, sans-serif; color: #000000;\">Nossos alunos t\u00eam atendimento 100% individual (Personnalit\u00e9), maior tempo de disponibilidade para efetuar as aula, n\u00e3o h\u00e1 necessidade do deslocamento, tempo este que \u00e9 investido nos estudos, possibilidade de reposi\u00e7\u00e3o de aula nos finais de semana e treinamento de testes de profici\u00eancia internacional inclusos no valor do curso. Carga hor\u00e1ria total de 760 horas de aula.<\/span><\/p>\n<p class=\"XzvDs _208Ie tFDi5 blog-post-text-font blog-post-text-color _2QAo- _25MYV _6RI6N tFDi5\"><span style=\"font-family: arial, helvetica, sans-serif; color: #000000;\"><strong> 2- Qual a forma\u00e7\u00e3o dos professores?<\/strong><\/span><\/p>\n<p class=\"XzvDs _208Ie tFDi5 blog-post-text-font blog-post-text-color _2QAo- _25MYV _6RI6N tFDi5\"><span style=\"font-family: arial, helvetica, sans-serif; color: #000000;\">Nossos professores devem ser formados em lingu\u00edstica e possuir P\u00f3s ou MBA no exterior. (devem ser formados em letras portugu\u00eas\/ingl\u00eas e suas respectivas literaturas)<\/span><\/p>\n<p class=\"XzvDs _208Ie tFDi5 blog-post-text-font blog-post-text-color _2QAo- _25MYV _6RI6N tFDi5\"><span style=\"font-family: arial, helvetica, sans-serif; color: #000000;\"><strong> 3- Como \u00e9 o material de estudo?<\/strong><\/span><\/p>\n<p class=\"XzvDs _208Ie tFDi5 blog-post-text-font blog-post-text-color _2QAo- _25MYV _6RI6N tFDi5\"><span style=\"font-family: arial, helvetica, sans-serif; color: #000000;\">Todo o material de estudo est\u00e1 dentro da plataforma de ensino da institui\u00e7\u00e3o, \u00e9 liberado aula aula por seu professor. O \u00fanico material que o aluno dever\u00e1 comprar \u00e9 um dicion\u00e1rio indiciado pela institui\u00e7\u00e3o. (dicion\u00e1rios avan\u00e7ados)<\/span><\/p>\n<p class=\"XzvDs _208Ie tFDi5 blog-post-text-font blog-post-text-color _2QAo- _25MYV _6RI6N tFDi5\"><span style=\"font-family: arial, helvetica, sans-serif; color: #000000;\"><strong> 4 -Qual \u00e9 o pre\u00e7o?<\/strong><\/span><\/p>\n<p class=\"XzvDs _208Ie tFDi5 blog-post-text-font blog-post-text-color _2QAo- _25MYV _6RI6N tFDi5\"><span style=\"font-family: arial, helvetica, sans-serif; color: #000000;\">Os valores dos cursos est\u00e3o em nosso website oficial <a class=\"_2qJYG blog-link-hashtag-color _3Sq3W\" style=\"color: #000000;\" href=\"http:\/\/www.eacprime.com\/\" target=\"_top\" rel=\"noreferrer noopener\"><u class=\"sDZYg\">www.eacprime.com<\/u><\/a> pagina <a class=\"_2qJYG blog-link-hashtag-color _3Sq3W\" style=\"color: #000000;\" href=\"\" target=\"_top\" rel=\"noreferrer noopener\"><u class=\"sDZYg\">COMPRE SEU CURSO<\/u><\/a>. Os valores dispostos s\u00e3o promocionais e possuem disponibilidade limitada.<\/span><\/p>\n<ul class=\"_2PG9L _3YdDb\">\n<li class=\"_1BJwx _208Ie tFDi5 _3G_TD _3XFe6 _2QAo- _25MYV _6RI6N tFDi5\">\n<p class=\"_208Ie\"><span style=\"font-family: arial, helvetica, sans-serif; color: #000000;\"><strong>Curso completo de 8 meses<\/strong> &#8211; Bonificado nesta promo\u00e7\u00e3o o Treinamento de Teste de Profici\u00eancia Internacional <strong>TOEFL &#8211; IELTS ou CPE:<\/strong><\/span><\/p>\n<\/li>\n<\/ul>\n<p class=\"XzvDs _208Ie tFDi5 blog-post-text-font blog-post-text-color _2QAo- _25MYV _6RI6N tFDi5\"><span style=\"font-family: arial, helvetica, sans-serif; color: #000000;\">Parcelamento em At\u00e9 R$ 12 x 415,17 (cart\u00e3o de cr\u00e9dito) &#8211; Incluso taxas administrativas e todo material.<\/span><\/p>\n<p class=\"XzvDs _208Ie tFDi5 blog-post-text-font blog-post-text-color _2QAo- _25MYV _6RI6N tFDi5\"><span style=\"font-family: arial, helvetica, sans-serif; color: #000000;\">Valor Avista: R$ 4600,00<\/span><\/p>\n<p class=\"XzvDs _208Ie tFDi5 blog-post-text-font blog-post-text-color _2QAo- _25MYV _6RI6N tFDi5\"><span style=\"font-family: arial, helvetica, sans-serif; color: #000000;\">Valor disponibilizado sob consulta.<\/span><\/p>\n<p class=\"XzvDs _208Ie tFDi5 blog-post-text-font blog-post-text-color _2QAo- _25MYV _6RI6N tFDi5\"><span style=\"font-family: arial, helvetica, sans-serif; color: #000000;\">Todas as inscri\u00e7\u00f5es da institui\u00e7\u00e3o se encerram com uma m\u00e9dia de 60 dias de anteced\u00eancia devido a organiza\u00e7\u00e3o das agendas dos professores.<\/span><\/p>\n<ul class=\"_2PG9L _3YdDb\">\n<li class=\"_1BJwx _208Ie tFDi5 _3G_TD _3XFe6 _2QAo- _25MYV _6RI6N tFDi5\">\n<p class=\"_208Ie\"><span style=\"font-family: arial, helvetica, sans-serif; color: #000000;\"><strong>In\u00edcio de aula para o dia 12\/01\/2020 &#8211; ESGOTADAS<\/strong><\/span><\/p>\n<\/li>\n<li class=\"_1BJwx _208Ie tFDi5 _3G_TD _3XFe6 _2QAo- _25MYV _6RI6N tFDi5\">\n<p class=\"_208Ie\"><span style=\"font-family: arial, helvetica, sans-serif; color: #000000;\"><strong>In\u00edcio de aula para o dia 26\/01\/2020 &#8211; Inscri\u00e7\u00f5es em finaliza\u00e7\u00e3o <\/strong><\/span><\/p>\n<\/li>\n<li class=\"_1BJwx _208Ie tFDi5 _3G_TD _3XFe6 _2QAo- _25MYV _6RI6N tFDi5\">\n<p class=\"_208Ie\"><span style=\"font-family: arial, helvetica, sans-serif; color: #000000;\"><strong>In\u00edcio de aula para o dia 02\/02\/2020 &#8211; Inscri\u00e7\u00f5es em finaliza\u00e7\u00e3o<\/strong><\/span><\/p>\n<\/li>\n<\/ul>\n<p class=\"XzvDs _208Ie tFDi5 blog-post-text-font blog-post-text-color _2QAo- _25MYV _6RI6N tFDi5\"><span style=\"font-family: arial, helvetica, sans-serif; color: #000000;\">Por se tratar do per\u00edodo mais concorrido de inscri\u00e7\u00f5es no ano, as datas de inscri\u00e7\u00f5es acima podem se encerrar com anteced\u00eancia no caso do esgotamento de vagas.<\/span><\/p>\n<ul class=\"_2PG9L _3YdDb\">\n<li class=\"_1BJwx _208Ie tFDi5 _3G_TD _3XFe6 _2QAo- _25MYV _6RI6N tFDi5\">\n<p class=\"_208Ie\"><span style=\"font-family: arial, helvetica, sans-serif; color: #000000;\">Um dia \u00fatil antes do in\u00edcio de aula oficial os alunos recebem o treinamento de ambienta\u00e7\u00e3o, o qual os instruiu de todas as funcionalidades do sistema e lhes apresentam seu professor exclusivo.<\/span><\/p>\n<\/li>\n<\/ul>\n<p class=\"XzvDs _208Ie tFDi5 blog-post-text-font blog-post-text-color _2QAo- _1iXso _7G6-i tFDi5\"><span style=\"font-family: arial, helvetica, sans-serif; color: #000000;\">Nossos clientes possuem Seguran\u00e7a de Compra por Adapta\u00e7\u00e3o de 15 dias de aula, em caso de o Sr\/Sra n\u00e3o se adaptar ao sistema de aula em 15 dias o Sr\/Sra pode pedir seu estorno eletr\u00f4nico integral de seu investimento. <\/span><\/p>\n<p class=\"XzvDs _208Ie tFDi5 blog-post-text-font blog-post-text-color _2QAo- _1iXso _7G6-i tFDi5\"><span style=\"font-family: arial, helvetica, sans-serif; color: #000000;\">Este estorno \u00e9 eletr\u00f4nico, sem burocracias. Esta \u00e9 uma seguran\u00e7a para todos os nossos clientes.<\/span><\/p>\n<p class=\"XzvDs _208Ie tFDi5 blog-post-text-font blog-post-text-color _2QAo- _25MYV _6RI6N tFDi5\"><span style=\"font-family: arial, helvetica, sans-serif; color: #000000;\"><strong>Link de inscri\u00e7\u00e3o:<\/strong><\/span><\/p>\n<p class=\"XzvDs _208Ie tFDi5 blog-post-text-font blog-post-text-color _2QAo- _25MYV _6RI6N tFDi5\"><strong><span style=\"font-family: arial, helvetica, sans-serif; color: #0000ff;\"><a class=\"_2qJYG blog-link-hashtag-color _3Sq3W\" style=\"color: #0000ff;\" href=\"https:\/\/www.eacprime.com\/inscricao\" target=\"_top\" rel=\"noreferrer noopener\"><u class=\"sDZYg\">https:\/\/www.eacprime.com\/inscricao<\/u><\/a><\/span><\/strong><\/p>\n<p class=\"XzvDs _208Ie tFDi5 blog-post-text-font blog-post-text-color _2QAo- _25MYV _6RI6N tFDi5\"><strong><span style=\"font-family: arial, helvetica, sans-serif; color: #0000ff;\"><a class=\"_1fYLo blog-link-hashtag-color _11AQY _2N2cN\" style=\"color: #0000ff;\" href=\"https:\/\/www.eacprime.com\/search\/.hash.blackfriday\" target=\"_self\" rel=\"noopener noreferrer\">#blackfriday<\/a><\/span><\/strong><\/p>\n","protected":false},"excerpt":{"rendered":"<p>As inscri\u00e7\u00f5es para Inicio de Curso em Janeiro\/2020 est\u00e3o em encerramento. Ingl\u00eas em imers\u00e3o inscri\u00e7\u00f5es, aproveite a Black Friday, na compra do curso de Imers\u00e3o de 08 meses, ganhe Preparat\u00f3rio para o TOEFL incluso. Vejas as caracter\u00edsticas do curso: 1- Como s\u00e3o as aulas? As aulas s\u00e3o todos os dias, s\u00e3o 100% individuais com um [&hellip;]<\/p>\n","protected":false},"author":1,"featured_media":135,"comment_status":"closed","ping_status":"closed","sticky":false,"template":"","format":"standard","meta":{"footnotes":""},"categories":[1234],"tags":[],"class_list":["post-1488","post","type-post","status-publish","format-standard","has-post-thumbnail","hentry","category-metodologia"],"_links":{"self":[{"href":"https:\/\/eacprime.com\/blog\/wp-json\/wp\/v2\/posts\/1488","targetHints":{"allow":["GET"]}}],"collection":[{"href":"https:\/\/eacprime.com\/blog\/wp-json\/wp\/v2\/posts"}],"about":[{"href":"https:\/\/eacprime.com\/blog\/wp-json\/wp\/v2\/types\/post"}],"author":[{"embeddable":true,"href":"https:\/\/eacprime.com\/blog\/wp-json\/wp\/v2\/users\/1"}],"replies":[{"embeddable":true,"href":"https:\/\/eacprime.com\/blog\/wp-json\/wp\/v2\/comments?post=1488"}],"version-history":[{"count":1,"href":"https:\/\/eacprime.com\/blog\/wp-json\/wp\/v2\/posts\/1488\/revisions"}],"predecessor-version":[{"id":120431,"href":"https:\/\/eacprime.com\/blog\/wp-json\/wp\/v2\/posts\/1488\/revisions\/120431"}],"wp:featuredmedia":[{"embeddable":true,"href":"https:\/\/eacprime.com\/blog\/wp-json\/wp\/v2\/media\/135"}],"wp:attachment":[{"href":"https:\/\/eacprime.com\/blog\/wp-json\/wp\/v2\/media?parent=1488"}],"wp:term":[{"taxonomy":"category","embeddable":true,"href":"https:\/\/eacprime.com\/blog\/wp-json\/wp\/v2\/categories?post=1488"},{"taxonomy":"post_tag","embeddable":true,"href":"https:\/\/eacprime.com\/blog\/wp-json\/wp\/v2\/tags?post=1488"}],"curies":[{"name":"wp","href":"https:\/\/api.w.org\/{rel}","templated":true}]}}