{"id":1522,"date":"2019-12-22T13:00:47","date_gmt":"2019-12-22T16:00:47","guid":{"rendered":"https:\/\/eacprime.jessicarsb.com.br\/index.php\/2019\/12\/22\/https-www-eacprime-com-ingles-em-imersao-vagas-de-fevereiro-em-finalizacao\/"},"modified":"2026-04-23T21:56:15","modified_gmt":"2026-04-23T21:56:15","slug":"ingles-em-imersao-vagas-de-fevereiro-em-finalizacao","status":"publish","type":"post","link":"https:\/\/eacprime.com\/blog\/ingles-em-imersao-vagas-de-fevereiro-em-finalizacao\/","title":{"rendered":"Vagas para Ingl\u00eas em Imers\u00e3o &#8211; Vagas de Fevereiro em Finaliza\u00e7\u00e3o"},"content":{"rendered":"<div style=\"width: 800px;\" class=\"wp-video\"><video class=\"wp-video-shortcode\" id=\"video-1522-1\" width=\"800\" height=\"450\" preload=\"metadata\" controls=\"controls\"><source type=\"video\/mp4\" src=\"http:\/\/br38.teste.website\/~eacpri75\/wp-content\/uploads\/2020\/03\/file.mp4?_=1\" \/><a href=\"http:\/\/br38.teste.website\/~eacpri75\/wp-content\/uploads\/2020\/03\/file.mp4\" target=\"_blank\" rel=\"noopener\">http:\/\/br38.teste.website\/~eacpri75\/wp-content\/uploads\/2020\/03\/file.mp4<\/a><\/video><\/div>\n<p class=\"XzvDs _208Ie tFDi5 blog-post-text-font blog-post-text-color _2QAo- _1iXso _7G6-i tFDi5\"><span style=\"font-family: arial, helvetica, sans-serif; color: #000000;\">Vagas para Ingl\u00eas em Imers\u00e3o, as vagas para o <strong>curso de ingl\u00eas em imers\u00e3o<\/strong> para Janeiro\/2020 foram todas esgotadas a mais de 30 dias. Os indicativos mostram que o ano de 2020 ser\u00e1 de muita competitividade.<\/span><\/p>\n<p class=\"XzvDs _208Ie tFDi5 blog-post-text-font blog-post-text-color _2QAo- _1iXso _7G6-i tFDi5\"><span style=\"font-family: arial, helvetica, sans-serif; color: #000000;\">Antes de efetuar sua inscri\u00e7\u00e3o para os <strong>cursos de ingl\u00eas em imers\u00e3<\/strong>o efetue um bom planejamento de tempo. Para um aprendizado efetivo, seguir as metas institucionais \u00e9 fundamental.<\/span><\/p>\n<div class=\"XzvDs _208Ie tFDi5 blog-post-text-font blog-post-text-color _2QAo- _25MYV _6RI6N tFDi5\"><\/div>\n<p class=\"XzvDs _208Ie tFDi5 blog-post-text-font blog-post-text-color _2QAo- _1XrpH _35xrH tFDi5\"><span style=\"font-family: arial, helvetica, sans-serif; color: #000000;\"><strong>Vamos lembrar as caracter\u00edsticas do curso:<\/strong><\/span><\/p>\n<h2 class=\"_3f-vr _208Ie blog-post-title-font _19AEJ _6Xxhi _2QAo- _25MYV _6RI6N tFDi5\"><span style=\"font-family: arial, helvetica, sans-serif; color: #000000;\"><strong>1- Como s\u00e3o as aulas?<\/strong><\/span><\/h2>\n<p class=\"XzvDs _208Ie tFDi5 blog-post-text-font blog-post-text-color _2QAo- _1iXso _7G6-i tFDi5\"><span style=\"font-family: arial, helvetica, sans-serif; color: #000000;\">As aulas s\u00e3o todos os dias, s\u00e3o\u00a0<strong>100% individuais com um professor<\/strong>\u00a0que fica exclusivo para seu atendimento das 7 \u00e0s 23:59 todos os dias da semana. Todas as aulas s\u00e3o ao vivo com seu professor todos os dias, n\u00e3o existem aulas gravadas. Sua interatividade \u00e9 100% individual e ao vivo (Personnalit\u00e9). <\/span><\/p>\n<p class=\"XzvDs _208Ie tFDi5 blog-post-text-font blog-post-text-color _2QAo- _1iXso _7G6-i tFDi5\"><span style=\"font-family: arial, helvetica, sans-serif; color: #000000;\">A meta de aula di\u00e1ria \u00e9 em m\u00e9dia de 3 horas das quais em m\u00e9dia 50% deste tempo voc\u00ea passa com seu professor e 50% efetuando exerc\u00edcios (m\u00e9ta semanal de 15 horas). Tudo \u00e9 realizado dentro da plataforma de ensino da institui\u00e7\u00e3o que conta com salas de aulas virtuais de \u00faltima tecnologia e intera\u00e7\u00e3o.\u00a0 <\/span><\/p>\n<p class=\"XzvDs _208Ie tFDi5 blog-post-text-font blog-post-text-color _2QAo- _1iXso _7G6-i tFDi5\"><span style=\"font-family: arial, helvetica, sans-serif; color: #000000;\">Lembramos aos alunos que estudar em sistema de imers\u00e3o \u00e9 um pouco mais puxado, por\u00e9m os resultados vem em curto per\u00edodo de tempo. <\/span><\/p>\n<p class=\"XzvDs _208Ie tFDi5 blog-post-text-font blog-post-text-color _2QAo- _1iXso _7G6-i tFDi5\"><span style=\"font-family: arial, helvetica, sans-serif; color: #000000;\">Nossos alunos t\u00eam atendimento 100% individual (Personnalit\u00e9), maior tempo de disponibilidade para efetuar as aula, n\u00e3o h\u00e1 necessidade do deslocamento, tempo este que \u00e9 investido nos estudos, possibilidade de reposi\u00e7\u00e3o de aula nos finais de semana e treinamento de testes de profici\u00eancia internacional inclusos no valor do curso. Carga hor\u00e1ria total de estudo de 760 horas.<\/span><\/p>\n<h2 class=\"_3f-vr _208Ie blog-post-title-font _19AEJ _6Xxhi _2QAo- _25MYV _6RI6N tFDi5\"><span style=\"font-family: arial, helvetica, sans-serif; color: #000000;\"><strong>2- Qual a forma\u00e7\u00e3o dos professores?<\/strong><\/span><\/h2>\n<p class=\"XzvDs _208Ie tFDi5 blog-post-text-font blog-post-text-color _2QAo- _25MYV _6RI6N tFDi5\"><span style=\"font-family: arial, helvetica, sans-serif; color: #000000;\">Os professores que atendem territ\u00f3rio nacional s\u00e3o obrigatoriamente brasileiros ou nacionalizados. <\/span><\/p>\n<p class=\"XzvDs _208Ie tFDi5 blog-post-text-font blog-post-text-color _2QAo- _25MYV _6RI6N tFDi5\"><span style=\"font-family: arial, helvetica, sans-serif; color: #000000;\">Nossos professores devem ser formados em\u00a0lingu\u00edstica e possuir P\u00f3s ou MBA no exterior.<strong>\u00a0(devem ser formados em letras portugu\u00eas\/ingl\u00eas\u00a0e suas respectivas literaturas)<\/strong><\/span><\/p>\n<h2 class=\"_3f-vr _208Ie blog-post-title-font _19AEJ _6Xxhi _2QAo- _25MYV _6RI6N tFDi5\"><span style=\"font-family: arial, helvetica, sans-serif; color: #000000;\"><strong>3- Como \u00e9 o material de estudo?<\/strong><\/span><\/h2>\n<p class=\"XzvDs _208Ie tFDi5 blog-post-text-font blog-post-text-color _2QAo- _25MYV _6RI6N tFDi5\"><span style=\"font-family: arial, helvetica, sans-serif; color: #000000;\">Todo o material de estudo est\u00e1 dentro da plataforma de ensino da\u00a0institui\u00e7\u00e3o, \u00e9 liberado aula-a-aula por seu professor. O\u00a0\u00fanico\u00a0material que o aluno dever\u00e1 comprar \u00e9 um dicion\u00e1rio\u00a0indiciado\u00a0pela\u00a0institui\u00e7\u00e3o. (dicion\u00e1rios\u00a0avan\u00e7ados).<\/span><\/p>\n<h2 class=\"_3f-vr _208Ie blog-post-title-font _19AEJ _6Xxhi _2QAo- _25MYV _6RI6N tFDi5\"><span style=\"font-family: arial, helvetica, sans-serif; color: #000000;\"><strong>4 -Qual \u00e9 o pre\u00e7o?<\/strong><\/span><\/h2>\n<p class=\"XzvDs _208Ie tFDi5 blog-post-text-font blog-post-text-color _2QAo- _25MYV _6RI6N tFDi5\"><span style=\"font-family: arial, helvetica, sans-serif; color: #000000;\">Os valores dos cursos est\u00e3o em nosso website oficial \u00a0<a class=\"_2qJYG blog-link-hashtag-color _3Sq3W\" style=\"color: #000000;\" href=\"http:\/\/www.eacprime.com\/\" target=\"_blank\" rel=\"noopener noreferrer\">www.eacprime.com<\/a>\u00a0pagina <a class=\"_2qJYG blog-link-hashtag-color _3Sq3W\" style=\"color: #000000;\" href=\"\" target=\"_blank\" rel=\"noopener noreferrer\"><u class=\"sDZYg\">COMPRE SEU CURSO<\/u><\/a>. Os valores dispostos s\u00e3o promocionais e possuem disponibilidade limitada. <strong><em>Curso completo de 8 meses &#8211; Bonificado nesta promo\u00e7\u00e3o o Treinamento de Teste de\u00a0Profici\u00eancia Internacional TOEFL &#8211; IELTS ou CPE:<\/em><\/strong> <strong><em>Parcelamento em At\u00e9 R$ 12 x 415,17 (cart\u00e3o de cr\u00e9dito) &#8211; Incluso taxas\u00a0administrativas e todo material. \u00a0<\/em><\/strong> <strong><em>Valor Avista: R$ 4600,00\u00a0\u00a0<\/em><\/strong><\/span><\/p>\n<div class=\"XzvDs _208Ie tFDi5 blog-post-text-font blog-post-text-color _2QAo- _25MYV _6RI6N tFDi5\"><\/div>\n<div class=\"XzvDs _208Ie tFDi5 blog-post-text-font blog-post-text-color _2QAo- _25MYV _6RI6N tFDi5\"><\/div>\n<p class=\"XzvDs _208Ie tFDi5 blog-post-text-font blog-post-text-color _2QAo- _25MYV _6RI6N tFDi5\"><span style=\"font-family: arial, helvetica, sans-serif; color: #000000;\">Um dia \u00fatil antes do in\u00edcio de aula oficial os alunos recebem o treinamento de ambienta\u00e7\u00e3o, o qual os instruiu de todas as funcionalidades do sistema e lhes apresentam seu\u00a0<strong><em>professor exclusivo.\u00a0<\/em><\/strong><\/span><\/p>\n<h2 class=\"_3f-vr _208Ie blog-post-title-font _19AEJ _6Xxhi _2QAo- _25MYV _6RI6N tFDi5\"><span style=\"font-family: arial, helvetica, sans-serif; color: #000000;\"><strong>Oque \u00e9 a prote\u00e7\u00e3o por adapta\u00e7\u00e3o?<\/strong><\/span><\/h2>\n<p class=\"XzvDs _208Ie tFDi5 blog-post-text-font blog-post-text-color _2QAo- _25MYV _6RI6N tFDi5\"><span style=\"font-family: arial, helvetica, sans-serif; color: #000000;\">Nossos clientes possuem\u00a0<strong>Seguran\u00e7a de Compra por Adapta\u00e7\u00e3o\u00a0<\/strong>de 15 dias de aula., em caso de o Sr n\u00e3o se adaptar ao sistema de aula em 15 dias o Sr pode pedir seu estorno eletr\u00f4nico integral de seu investimento. <\/span><\/p>\n<p class=\"XzvDs _208Ie tFDi5 blog-post-text-font blog-post-text-color _2QAo- _25MYV _6RI6N tFDi5\"><span style=\"font-family: arial, helvetica, sans-serif; color: #000000;\">Este estorno \u00e9 eletr\u00f4nico, sem burocracias. Esta \u00e9 uma seguran\u00e7a para todos os nossos clientes. <strong>Link de inscri\u00e7\u00e3o:<\/strong><\/span><\/p>\n<p class=\"XzvDs _208Ie tFDi5 blog-post-text-font blog-post-text-color _2QAo- _25MYV _6RI6N tFDi5\"><span style=\"font-family: arial, helvetica, sans-serif; color: #000000;\"><a class=\"_2qJYG blog-link-hashtag-color _3Sq3W\" style=\"color: #000000;\" href=\"https:\/\/www.eacprime.com\/inscricao\" target=\"_top\" rel=\"noopener noreferrer\"><strong>https:\/\/www.eacprime.com\/inscricao<\/strong><\/a><\/span><\/p>\n<div class=\"XzvDs _208Ie tFDi5 blog-post-text-font blog-post-text-color _2QAo- _25MYV _6RI6N tFDi5\"><\/div>\n<p class=\"XzvDs _208Ie tFDi5 blog-post-text-font blog-post-text-color _2QAo- _1iXso _7G6-i tFDi5\"><span style=\"font-family: arial, helvetica, sans-serif; color: #000000;\">Dominar o<strong> ingl\u00eas<\/strong> \u00e9 uma habilidade essencial no mercado de trabalho, n\u00e3o s\u00f3 a profici\u00eancia \u00e9 frequentemente um pr\u00e9-requisito, como tamb\u00e9m pode ajudar a alavancar uma carreira e refletir no sal\u00e1rio. De acordo com pesquisa da Catho, indiv\u00edduos <strong>fluentes <\/strong>recebem at\u00e9 60% mais que os outros.<\/span><\/p>\n<p class=\"XzvDs _208Ie tFDi5 blog-post-text-font blog-post-text-color _2QAo- _1iXso _7G6-i tFDi5\"><span style=\"font-family: arial, helvetica, sans-serif; color: #000000;\">As \u00e1reas que mais fazem uso da segunda l\u00edngua est\u00e3o no topo das corpora\u00e7\u00f5es e s\u00e3o respons\u00e1veis pela expans\u00e3o das companhias internacionalmente. <\/span><\/p>\n<p class=\"XzvDs _208Ie tFDi5 blog-post-text-font blog-post-text-color _2QAo- _1iXso _7G6-i tFDi5\"><span style=\"font-family: arial, helvetica, sans-serif; color: #000000;\">Mas, em muitos casos comprovar a profici\u00eancia pode ser um problema para empreendedores de <strong><em>marketing<\/em><\/strong>, tecnologia da informa\u00e7\u00e3o e at\u00e9 mesmo engenharias \u2013 ramos que necessitam de dom\u00ednio na fala.<\/span><\/p>\n<p class=\"XzvDs _208Ie tFDi5 blog-post-text-font blog-post-text-color _2QAo- _1iXso _7G6-i tFDi5\"><span style=\"font-family: arial, helvetica, sans-serif; color: #000000;\">Na atualidade, ter <strong>gradua\u00e7\u00e3o e p\u00f3s-gradua\u00e7\u00e3o <\/strong>n\u00e3o \u00e9 o suficiente para conseguir uma boa posi\u00e7\u00e3o no mercado de trabalho e ter uma carreira de destaque. <\/span><\/p>\n<p class=\"XzvDs _208Ie tFDi5 blog-post-text-font blog-post-text-color _2QAo- _1iXso _7G6-i tFDi5\"><span style=\"font-family: arial, helvetica, sans-serif; color: #000000;\">O <strong>dom\u00ednio do ingl\u00eas <\/strong>\u00e9 primordial aos que querem se destacar e isso ajuda tamb\u00e9m na melhor remunera\u00e7\u00e3o.<\/span><\/p>\n<p class=\"XzvDs _208Ie tFDi5 blog-post-text-font blog-post-text-color _2QAo- _25MYV _6RI6N tFDi5\"><span style=\"font-family: arial, helvetica, sans-serif; color: #000000;\">Comece hoje seu<strong> curso de ingl\u00eas <\/strong>com a<a href=\"https:\/\/eacprime.com\/\"><strong><span style=\"color: #0000ff;\"> EAC Personnalit\u00e9<\/span><\/strong><\/a>.<\/span><\/p>\n","protected":false},"excerpt":{"rendered":"<p>Vagas para Ingl\u00eas em Imers\u00e3o, as vagas para o curso de ingl\u00eas em imers\u00e3o para Janeiro\/2020 foram todas esgotadas a mais de 30 dias. Os indicativos mostram que o ano de 2020 ser\u00e1 de muita competitividade. Antes de efetuar sua inscri\u00e7\u00e3o para os cursos de ingl\u00eas em imers\u00e3o efetue um bom planejamento de tempo. Para [&hellip;]<\/p>\n","protected":false},"author":1,"featured_media":169,"comment_status":"closed","ping_status":"closed","sticky":false,"template":"","format":"standard","meta":{"footnotes":""},"categories":[1234],"tags":[],"class_list":["post-1522","post","type-post","status-publish","format-standard","has-post-thumbnail","hentry","category-metodologia"],"_links":{"self":[{"href":"https:\/\/eacprime.com\/blog\/wp-json\/wp\/v2\/posts\/1522","targetHints":{"allow":["GET"]}}],"collection":[{"href":"https:\/\/eacprime.com\/blog\/wp-json\/wp\/v2\/posts"}],"about":[{"href":"https:\/\/eacprime.com\/blog\/wp-json\/wp\/v2\/types\/post"}],"author":[{"embeddable":true,"href":"https:\/\/eacprime.com\/blog\/wp-json\/wp\/v2\/users\/1"}],"replies":[{"embeddable":true,"href":"https:\/\/eacprime.com\/blog\/wp-json\/wp\/v2\/comments?post=1522"}],"version-history":[{"count":1,"href":"https:\/\/eacprime.com\/blog\/wp-json\/wp\/v2\/posts\/1522\/revisions"}],"predecessor-version":[{"id":120449,"href":"https:\/\/eacprime.com\/blog\/wp-json\/wp\/v2\/posts\/1522\/revisions\/120449"}],"wp:featuredmedia":[{"embeddable":true,"href":"https:\/\/eacprime.com\/blog\/wp-json\/wp\/v2\/media\/169"}],"wp:attachment":[{"href":"https:\/\/eacprime.com\/blog\/wp-json\/wp\/v2\/media?parent=1522"}],"wp:term":[{"taxonomy":"category","embeddable":true,"href":"https:\/\/eacprime.com\/blog\/wp-json\/wp\/v2\/categories?post=1522"},{"taxonomy":"post_tag","embeddable":true,"href":"https:\/\/eacprime.com\/blog\/wp-json\/wp\/v2\/tags?post=1522"}],"curies":[{"name":"wp","href":"https:\/\/api.w.org\/{rel}","templated":true}]}}