{"id":1538,"date":"2020-01-06T13:00:43","date_gmt":"2020-01-06T16:00:43","guid":{"rendered":"https:\/\/eacprime.jessicarsb.com.br\/index.php\/2020\/01\/06\/https-www-eacprime-com-ingles-em-imersao-inscricoes-marco-2020-em-finalizacao\/"},"modified":"2026-04-23T21:56:08","modified_gmt":"2026-04-23T21:56:08","slug":"inscricao-para-ingles-em-imersao","status":"publish","type":"post","link":"https:\/\/eacprime.com\/blog\/inscricao-para-ingles-em-imersao\/","title":{"rendered":"Inscri\u00e7\u00e3o para Ingl\u00eas em Imers\u00e3o &#8211; Inscri\u00e7\u00f5es Mar\u00e7o\/2020 em Finaliza\u00e7\u00e3o"},"content":{"rendered":"<p class=\"XzvDs _208Ie tFDi5 blog-post-text-font blog-post-text-color _2QAo- _25MYV _6RI6N tFDi5\"><span style=\"font-family: arial, helvetica, sans-serif; color: #000000;\">Inscri\u00e7\u00e3o para Ingl\u00eas em Imers\u00e3o, as inscri\u00e7\u00f5es de Mar\u00e7o\/2020 j\u00e1 est\u00e3o em finaliza\u00e7\u00e3o e ir\u00e3o possuir uma quantidade de vagas limitada devido a alta demanda comercializada para os dois primeiros meses do ano. <\/span><\/p>\n<p class=\"XzvDs _208Ie tFDi5 blog-post-text-font blog-post-text-color _2QAo- _25MYV _6RI6N tFDi5\"><span style=\"font-family: arial, helvetica, sans-serif; color: #000000;\">Para voc\u00ea que ainda n\u00e3o tem certeza se vai aprender ingl\u00eas em 2020 citamos uma raz\u00e3o fundamental para voc\u00ea:<\/span><\/p>\n<p class=\"XzvDs _208Ie tFDi5 blog-post-text-font blog-post-text-color _2QAo- _25MYV _6RI6N tFDi5\"><span style=\"font-family: arial, helvetica, sans-serif; color: #000000;\"><strong>Uma raz\u00e3o fundamental para aprender ingl\u00eas:<\/strong> <strong>Aprender Ingl\u00eas pode abrir portas, o<\/strong>\u00a0ingl\u00eas \u00e9 a l\u00edngua mais usada no mundo dos neg\u00f3cios. <\/span><\/p>\n<p class=\"XzvDs _208Ie tFDi5 blog-post-text-font blog-post-text-color _2QAo- _25MYV _6RI6N tFDi5\"><span style=\"font-family: arial, helvetica, sans-serif; color: #000000;\">Para tentar um emprego no exterior ou em uma multinacional no Brasil, ter o ingl\u00eas fluente \u00e9 pr\u00e9-requisito para a maioria das vagas.<\/span><\/p>\n<div class=\"XzvDs _208Ie tFDi5 blog-post-text-font blog-post-text-color _2QAo- _25MYV _6RI6N tFDi5\"><\/div>\n<h2 class=\"_3f-vr _208Ie blog-post-title-font _19AEJ _6Xxhi _2QAo- _1XrpH _35xrH tFDi5\"><span style=\"font-family: arial, helvetica, sans-serif; color: #000000;\"><strong>Vejas as caracterizarias do curso e fa\u00e7a hoje sua inscri\u00e7\u00e3o.<\/strong><\/span><\/h2>\n<p>&nbsp;<\/p>\n<h2 class=\"_3f-vr _208Ie blog-post-title-font _19AEJ _6Xxhi _2QAo- _25MYV _6RI6N tFDi5\"><strong><span style=\"font-family: arial, helvetica, sans-serif; color: #000000;\">1- Como s\u00e3o as aulas?<\/span><\/strong><\/h2>\n<p class=\"XzvDs _208Ie tFDi5 blog-post-text-font blog-post-text-color _2QAo- _1iXso _7G6-i tFDi5\"><span style=\"font-family: arial, helvetica, sans-serif; color: #000000;\">As aulas s\u00e3o todos os dias, s\u00e3o 100% individuais com um professor que fica exclusivo para seu atendimento das 7 \u00e0s 23:59 todos os dias da semana. Todas as aulas s\u00e3o ao vivo com seu professor todos os dias, n\u00e3o existem aulas gravadas. Sua interatividade \u00e9 100% individual e ao vivo (Personnalit\u00e9). <\/span><\/p>\n<p class=\"XzvDs _208Ie tFDi5 blog-post-text-font blog-post-text-color _2QAo- _1iXso _7G6-i tFDi5\"><span style=\"font-family: arial, helvetica, sans-serif; color: #000000;\">A meta de aula di\u00e1ria \u00e9 em m\u00e9dia de 3 horas das quais em m\u00e9dia 50% deste tempo voc\u00ea passa com seu professor e 50% efetuando exerc\u00edcios (meta semanal de 15 horas). <\/span><\/p>\n<p class=\"XzvDs _208Ie tFDi5 blog-post-text-font blog-post-text-color _2QAo- _1iXso _7G6-i tFDi5\"><span style=\"font-family: arial, helvetica, sans-serif; color: #000000;\">Tudo \u00e9 realizado dentro da plataforma de ensino da institui\u00e7\u00e3o que conta com salas de aulas virtuais de \u00faltima tecnologia e intera\u00e7\u00e3o.<\/span><\/p>\n<p class=\"XzvDs _208Ie tFDi5 blog-post-text-font blog-post-text-color _2QAo- _1iXso _7G6-i tFDi5\"><span style=\"font-family: arial, helvetica, sans-serif; color: #000000;\">Lembramos aos alunos que estudar em sistema de imers\u00e3o \u00e9 um pouco mais puxado, por\u00e9m os resultados vem em curto per\u00edodo de tempo. <\/span><\/p>\n<p class=\"XzvDs _208Ie tFDi5 blog-post-text-font blog-post-text-color _2QAo- _1iXso _7G6-i tFDi5\"><span style=\"font-family: arial, helvetica, sans-serif; color: #000000;\">Nossos alunos t\u00eam atendimento 100% individual (Personnalit\u00e9), maior tempo de disponibilidade para efetuar as aula, n\u00e3o h\u00e1 necessidade do deslocamento, tempo este que \u00e9 investido nos estudos, possibilidade de reposi\u00e7\u00e3o de aula nos finais de semana e treinamento de testes de profici\u00eancia internacional inclusos no valor do curso.<\/span><\/p>\n<h2 class=\"_3f-vr _208Ie blog-post-title-font _19AEJ _6Xxhi _2QAo- _25MYV _6RI6N tFDi5\"><\/h2>\n<h2 class=\"_3f-vr _208Ie blog-post-title-font _19AEJ _6Xxhi _2QAo- _25MYV _6RI6N tFDi5\"><strong><span style=\"font-family: arial, helvetica, sans-serif; color: #000000;\">2- Qual a forma\u00e7\u00e3o dos professores?<\/span><\/strong><\/h2>\n<p class=\"XzvDs _208Ie tFDi5 blog-post-text-font blog-post-text-color _2QAo- _1iXso _7G6-i tFDi5\"><span style=\"font-family: arial, helvetica, sans-serif; color: #000000;\">Nossos professores devem ser formados em lingu\u00edstica e possuir P\u00f3s ou MBA no exterior. (devem ser formados em letras portugu\u00eas\/ingl\u00eas e suas respectivas literaturas).<\/span><\/p>\n<h2 class=\"_3f-vr _208Ie blog-post-title-font _19AEJ _6Xxhi _2QAo- _1iXso _7G6-i tFDi5\"><\/h2>\n<h2 class=\"_3f-vr _208Ie blog-post-title-font _19AEJ _6Xxhi _2QAo- _25MYV _6RI6N tFDi5\"><strong><span style=\"font-family: arial, helvetica, sans-serif; color: #000000;\">3- Como \u00e9 o material de estudo?<\/span><\/strong><\/h2>\n<p class=\"XzvDs _208Ie tFDi5 blog-post-text-font blog-post-text-color _2QAo- _1iXso _7G6-i tFDi5\"><span style=\"font-family: arial, helvetica, sans-serif; color: #000000;\">Todo o material de estudo est\u00e1 dentro da plataforma de ensino da institui\u00e7\u00e3o, \u00e9 liberado aula aula por seu professor. O \u00fanico material que o aluno dever\u00e1 comprar \u00e9 um dicion\u00e1rio indiciado pela institui\u00e7\u00e3o. (dicion\u00e1rios avan\u00e7ados)<\/span><\/p>\n<h2 class=\"_3f-vr _208Ie blog-post-title-font _19AEJ _6Xxhi _2QAo- _1iXso _7G6-i tFDi5\"><\/h2>\n<h2 class=\"_3f-vr _208Ie blog-post-title-font _19AEJ _6Xxhi _2QAo- _25MYV _6RI6N tFDi5\"><strong><span style=\"font-family: arial, helvetica, sans-serif; color: #000000;\">4 -Qual \u00e9 o pre\u00e7o?<\/span><\/strong><\/h2>\n<p class=\"XzvDs _208Ie tFDi5 blog-post-text-font blog-post-text-color _2QAo- _1iXso _7G6-i tFDi5\"><span style=\"font-family: arial, helvetica, sans-serif; color: #000000;\">Os valores dos cursos est\u00e3o em nosso <a class=\"_2qJYG blog-link-hashtag-color _3Sq3W\" style=\"color: #000000;\" href=\"http:\/\/www.eacprime.com\/\" target=\"_top\" rel=\"noopener noreferrer\"><u class=\"sDZYg\">website <\/u><\/a>oficial na pagina <a class=\"_2qJYG blog-link-hashtag-color _3Sq3W\" style=\"color: #000000;\" href=\"\" target=\"_blank\" rel=\"noopener noreferrer\"><u class=\"sDZYg\"><strong><span style=\"color: #0000ff;\">COMPRE SEU CURSO<\/span><\/strong><\/u><\/a>. <\/span><\/p>\n<p class=\"XzvDs _208Ie tFDi5 blog-post-text-font blog-post-text-color _2QAo- _1iXso _7G6-i tFDi5\"><span style=\"font-family: arial, helvetica, sans-serif; color: #000000;\">Os valores dispostos s\u00e3o promocionais e possuem disponibilidade limitada.<\/span><\/p>\n<p class=\"XzvDs _208Ie tFDi5 blog-post-text-font blog-post-text-color _2QAo- _1iXso _7G6-i tFDi5\"><span style=\"font-family: arial, helvetica, sans-serif; color: #000000;\">Curso completo de 8 meses &#8211; Bonificado nesta promo\u00e7\u00e3o o Treinamento de Teste de Profici\u00eancia Internacional TOEFL &#8211; IELTS ou CPE:<\/span><\/p>\n<h2 class=\"_3f-vr _208Ie blog-post-title-font _19AEJ _6Xxhi _2QAo- _1iXso _7G6-i tFDi5\"><\/h2>\n<p class=\"XzvDs _208Ie tFDi5 blog-post-text-font blog-post-text-color _2QAo- _25MYV _6RI6N tFDi5\"><strong><span style=\"font-family: arial, helvetica, sans-serif; color: #000000;\">Parcelamento em At\u00e9 R$ 12 x 415,17 (cart\u00e3o de cr\u00e9dito) &#8211; Incluso taxas administrativas e todo material.<\/span><\/strong><\/p>\n<p class=\"XzvDs _208Ie tFDi5 blog-post-text-font blog-post-text-color _2QAo- _25MYV _6RI6N tFDi5\"><strong><span style=\"font-family: arial, helvetica, sans-serif; color: #000000;\">Valor Avista: R$ 4600,00<\/span><\/strong><\/p>\n<p class=\"XzvDs _208Ie tFDi5 blog-post-text-font blog-post-text-color _2QAo- _25MYV _6RI6N tFDi5\"><strong><span style=\"font-family: arial, helvetica, sans-serif; color: #000000;\">Valor disponibilizado sob consulta.<\/span><\/strong><\/p>\n<h2 class=\"_3f-vr _208Ie blog-post-title-font _19AEJ _6Xxhi _2QAo- _25MYV _6RI6N tFDi5\"><\/h2>\n<p class=\"XzvDs _208Ie tFDi5 blog-post-text-font blog-post-text-color _2QAo- _25MYV _6RI6N tFDi5\"><span style=\"font-family: arial, helvetica, sans-serif; color: #000000;\">Todas as inscri\u00e7\u00f5es da institui\u00e7\u00e3o se encerram com uma m\u00e9dia de 60 dias de anteced\u00eancia devido a organiza\u00e7\u00e3o das agendas dos professores.<\/span><\/p>\n<p class=\"XzvDs _208Ie tFDi5 blog-post-text-font blog-post-text-color _2QAo- _25MYV _6RI6N tFDi5\"><span style=\"font-family: arial, helvetica, sans-serif; color: #000000;\">In\u00edcio de aula para o dia 26\/01\/2020 ESGOTADOS;<\/span><\/p>\n<p class=\"XzvDs _208Ie tFDi5 blog-post-text-font blog-post-text-color _2QAo- _25MYV _6RI6N tFDi5\"><span style=\"font-family: arial, helvetica, sans-serif; color: #000000;\">In\u00edcio de aula para o dia 09\/02\/2020 ESGOTADOS<\/span><\/p>\n<p class=\"XzvDs _208Ie tFDi5 blog-post-text-font blog-post-text-color _2QAo- _25MYV _6RI6N tFDi5\"><span style=\"font-family: arial, helvetica, sans-serif; color: #000000;\">In\u00edcio de aula para o dia 23\/02\/2020 tem inscri\u00e7\u00f5es em finaliza\u00e7\u00e3o no dia 08\/01\/2020.<\/span><\/p>\n<p class=\"XzvDs _208Ie tFDi5 blog-post-text-font blog-post-text-color _2QAo- _25MYV _6RI6N tFDi5\"><span style=\"font-family: arial, helvetica, sans-serif; color: #000000;\">In\u00edcio de aula para o dia 08\/03\/2019 tem inscri\u00e7\u00f5es em finaliza\u00e7\u00e3o no dia 15\/01\/2020.<\/span><\/p>\n<h2 class=\"_3f-vr _208Ie blog-post-title-font _19AEJ _6Xxhi _2QAo- _25MYV _6RI6N tFDi5\"><span style=\"color: #000000; font-family: arial, helvetica, sans-serif; font-size: 16px;\">Por se tratar do per\u00edodo mais concorrido de inscri\u00e7\u00f5es no ano, as datas de inscri\u00e7\u00f5es acima podem se encerrar com anteced\u00eancia no caso do esgotamento de vagas.<\/span><\/h2>\n<p class=\"XzvDs _208Ie tFDi5 blog-post-text-font blog-post-text-color _2QAo- _25MYV _6RI6N tFDi5\"><span style=\"font-family: arial, helvetica, sans-serif; color: #000000;\">Um dia \u00fatil antes do in\u00edcio de aula oficial os alunos recebem o treinamento de ambienta\u00e7\u00e3o, o qual os instruiu de todas as funcionalidades do sistema e lhes apresentam seu professor exclusivo.<\/span><\/p>\n<h2 class=\"_3f-vr _208Ie blog-post-title-font _19AEJ _6Xxhi _2QAo- _25MYV _6RI6N tFDi5\"><\/h2>\n<blockquote class=\"_3jY04 _1J-OE _1112w _1tXF8 blog-quote-border-color _2QAo- _1iXso _7G6-i tFDi5\">\n<div><span style=\"font-family: arial, helvetica, sans-serif; color: #000000;\">Nossos clientes possuem Seguran\u00e7a de Compra por Adapta\u00e7\u00e3o de 15 dias de aula. Em caso de o Sr\/Sra n\u00e3o se adaptar ao sistema de aula em 15 dias o Sr\/Sra pode pedir seu estorno eletr\u00f4nico integral de seu investimento. Este estorno \u00e9 eletr\u00f4nico, sem burocracias. Esta \u00e9 uma seguran\u00e7a para todos os nossos clientes.<\/span><\/div>\n<\/blockquote>\n<div class=\"XzvDs _208Ie tFDi5 blog-post-text-font blog-post-text-color _2QAo- _25MYV _6RI6N tFDi5\"><\/div>\n<p class=\"XzvDs _208Ie tFDi5 blog-post-text-font blog-post-text-color _2QAo- _1iXso _7G6-i tFDi5\"><span style=\"font-family: arial, helvetica, sans-serif; color: #000000;\">Hoje em dia, <strong>n\u00e3o saber ingl\u00eas <\/strong>\u00e9 algo como ser analfabeto no mercado de trabalho. N\u00e3o \u00e9 apenas uma vantagem competitiva no mundo do trabalho, mas come\u00e7ou a ser uma habilidade b\u00e1sica em muitos setores.<\/span><\/p>\n<p class=\"XzvDs _208Ie tFDi5 blog-post-text-font blog-post-text-color _2QAo- _1iXso _7G6-i tFDi5\"><span style=\"font-family: arial, helvetica, sans-serif; color: #000000;\">Estima-se que aproximadamente metade dos neg\u00f3cios no mundo seja conduzido em <strong>ingl\u00eas<\/strong>, e em muitas entrevistas de emprego, os candidatos s\u00e3o recrutados com base no conhecimento desta l\u00edngua.<\/span><\/p>\n<p class=\"XzvDs _208Ie tFDi5 blog-post-text-font blog-post-text-color _2QAo- _1iXso _7G6-i tFDi5\"><span style=\"font-family: arial, helvetica, sans-serif; color: #000000;\">\u00c9 por isso que muitas pessoas prop\u00f5em <strong>melhorar seu ingl\u00eas<\/strong>, embora um n\u00edvel completamente satisfat\u00f3rio da linguagem nem sempre seja alcan\u00e7ado.<\/span><\/p>\n<p class=\"XzvDs _208Ie tFDi5 blog-post-text-font blog-post-text-color _2QAo- _1iXso _7G6-i tFDi5\"><span style=\"font-family: arial, helvetica, sans-serif; color: #000000;\"><span style=\"color: #0000ff;\"><a class=\"_2qJYG blog-link-hashtag-color _3Sq3W\" style=\"color: #0000ff;\" href=\"http:\/\/www.eacprime.com\/\" target=\"_top\" rel=\"noopener noreferrer\"><strong><u class=\"sDZYg\">Aprender ingl\u00eas<\/u><\/strong><\/a> <\/span>\u00e9 uma preocupa\u00e7\u00e3o constante para muitos, porque de alguma forma qualquer esfor\u00e7o \u00e9 pequeno, j\u00e1 que o objetivo \u00e9 dominar completamente o <strong>ingl\u00eas<\/strong>.<\/span><\/p>\n<p class=\"XzvDs _208Ie tFDi5 blog-post-text-font blog-post-text-color _2QAo- _25MYV _6RI6N tFDi5\"><span style=\"font-family: arial, helvetica, sans-serif; color: #000000;\">Link de inscri\u00e7\u00e3o:<\/span><\/p>\n<p class=\"XzvDs _208Ie tFDi5 blog-post-text-font blog-post-text-color _2QAo- _25MYV _6RI6N tFDi5\"><span style=\"color: #0000ff;\"><strong><span style=\"font-family: arial, helvetica, sans-serif;\"><a class=\"_2qJYG blog-link-hashtag-color _3Sq3W\" style=\"color: #0000ff;\" href=\"https:\/\/www.eacprime.com\/inscricao\" target=\"_top\" rel=\"noopener noreferrer\"><u class=\"sDZYg\">https:\/\/www.eacprime.com\/inscricao<\/u><\/a><\/span><\/strong><\/span><\/p>\n<div class=\"XzvDs _208Ie tFDi5 blog-post-text-font blog-post-text-color _2QAo- _25MYV _6RI6N tFDi5\"><\/div>\n<p class=\"XzvDs _208Ie tFDi5 blog-post-text-font blog-post-text-color _2QAo- _25MYV _6RI6N tFDi5\"><span style=\"font-family: arial, helvetica, sans-serif; color: #000000;\"><a class=\"_1fYLo blog-link-hashtag-color _11AQY _2N2cN\" style=\"color: #000000;\" href=\"https:\/\/www.eacprime.com\/search\/.hash.aprenderingles\" target=\"_self\" rel=\"noopener noreferrer\"><u class=\"sDZYg\">#aprenderingles<\/u><\/a><\/span><\/p>\n","protected":false},"excerpt":{"rendered":"<p>Inscri\u00e7\u00e3o para Ingl\u00eas em Imers\u00e3o, as inscri\u00e7\u00f5es de Mar\u00e7o\/2020 j\u00e1 est\u00e3o em finaliza\u00e7\u00e3o e ir\u00e3o possuir uma quantidade de vagas limitada devido a alta demanda comercializada para os dois primeiros meses do ano. Para voc\u00ea que ainda n\u00e3o tem certeza se vai aprender ingl\u00eas em 2020 citamos uma raz\u00e3o fundamental para voc\u00ea: Uma raz\u00e3o fundamental [&hellip;]<\/p>\n","protected":false},"author":1,"featured_media":185,"comment_status":"closed","ping_status":"closed","sticky":false,"template":"","format":"standard","meta":{"footnotes":""},"categories":[1234],"tags":[],"class_list":["post-1538","post","type-post","status-publish","format-standard","has-post-thumbnail","hentry","category-metodologia"],"_links":{"self":[{"href":"https:\/\/eacprime.com\/blog\/wp-json\/wp\/v2\/posts\/1538","targetHints":{"allow":["GET"]}}],"collection":[{"href":"https:\/\/eacprime.com\/blog\/wp-json\/wp\/v2\/posts"}],"about":[{"href":"https:\/\/eacprime.com\/blog\/wp-json\/wp\/v2\/types\/post"}],"author":[{"embeddable":true,"href":"https:\/\/eacprime.com\/blog\/wp-json\/wp\/v2\/users\/1"}],"replies":[{"embeddable":true,"href":"https:\/\/eacprime.com\/blog\/wp-json\/wp\/v2\/comments?post=1538"}],"version-history":[{"count":1,"href":"https:\/\/eacprime.com\/blog\/wp-json\/wp\/v2\/posts\/1538\/revisions"}],"predecessor-version":[{"id":120457,"href":"https:\/\/eacprime.com\/blog\/wp-json\/wp\/v2\/posts\/1538\/revisions\/120457"}],"wp:featuredmedia":[{"embeddable":true,"href":"https:\/\/eacprime.com\/blog\/wp-json\/wp\/v2\/media\/185"}],"wp:attachment":[{"href":"https:\/\/eacprime.com\/blog\/wp-json\/wp\/v2\/media?parent=1538"}],"wp:term":[{"taxonomy":"category","embeddable":true,"href":"https:\/\/eacprime.com\/blog\/wp-json\/wp\/v2\/categories?post=1538"},{"taxonomy":"post_tag","embeddable":true,"href":"https:\/\/eacprime.com\/blog\/wp-json\/wp\/v2\/tags?post=1538"}],"curies":[{"name":"wp","href":"https:\/\/api.w.org\/{rel}","templated":true}]}}