{"id":1606,"date":"2020-02-17T13:00:30","date_gmt":"2020-02-17T16:00:30","guid":{"rendered":"https:\/\/eacprime.jessicarsb.com.br\/index.php\/2020\/02\/17\/https-www-eacprime-com-entenda-o-uso-do-do-e-do-does\/"},"modified":"2026-04-23T21:55:45","modified_gmt":"2026-04-23T21:55:45","slug":"entenda-o-uso-do-do-e-do-does","status":"publish","type":"post","link":"https:\/\/eacprime.com\/blog\/entenda-o-uso-do-do-e-do-does\/","title":{"rendered":"Entenda o uso do \u201cDo\u201d e do \u201cDoes\u201d"},"content":{"rendered":"<div class=\"q2uC4 _3FSpi\">\n<div class=\"_1Lhwj image-container\" data-hook=\"imageViewer\"><span class=\"_3ULLf image-caption\" style=\"font-family: arial, helvetica, sans-serif; color: #000000;\">Entenda o uso do \u201cDo\u201d e do \u201cDoes\u201d, fique atendo as dicas para n\u00e3o cometer erros!<\/span><\/div>\n<\/div>\n<p class=\"XzvDs _208Ie tFDi5 blog-post-text-font blog-post-text-color _2QAo- _1iXso _7G6-i tFDi5\"><span style=\"font-family: arial, helvetica, sans-serif; color: #000000;\">Hoje vamos esclarecer o uso dos <a class=\"_2qJYG blog-link-hashtag-color _3Sq3W\" style=\"color: #000000;\" href=\"https:\/\/www.conjugacao.com.br\/\" target=\"_blank\" rel=\"noopener noreferrer\"><u class=\"sDZYg\">verbos<\/u><\/a>: Do e Does, parece simples, mas pode confundir muito os estudantes que est\u00e3o come\u00e7ando agora. <\/span><\/p>\n<p class=\"XzvDs _208Ie tFDi5 blog-post-text-font blog-post-text-color _2QAo- _1iXso _7G6-i tFDi5\"><span style=\"font-family: arial, helvetica, sans-serif; color: #000000;\">O verbo <strong>DO <\/strong>\u00e9 um verbo que pode ser usado tanto como um verbo de a\u00e7\u00e3o <a class=\"_2qJYG blog-link-hashtag-color _3Sq3W\" style=\"color: #000000;\" href=\"https:\/\/www.dicio.com.br\/significando\/\" target=\"_blank\" rel=\"noopener noreferrer\"><u class=\"sDZYg\">significando<\/u><\/a> <strong>\u201cfazer\u201d <\/strong>como tamb\u00e9m pode ser usado como um verbo auxiliar ou ajudante.<\/span><\/p>\n<p class=\"XzvDs _208Ie tFDi5 blog-post-text-font blog-post-text-color _2QAo- _1iXso _7G6-i tFDi5\"><span style=\"font-family: arial, helvetica, sans-serif; color: #000000;\">Como um verbo auxiliar ele ajuda os verbos que n\u00e3o podem formar perguntas sozinhos a formular estas perguntas. <\/span><\/p>\n<p class=\"XzvDs _208Ie tFDi5 blog-post-text-font blog-post-text-color _2QAo- _1iXso _7G6-i tFDi5\"><span style=\"font-family: arial, helvetica, sans-serif; color: #000000;\">Ent\u00e3o para que voc\u00ea n\u00e3o se confunda \u00e9 importante que voc\u00ea entenda que como um verbo de a\u00e7\u00e3o ele \u00e9 apenas um verbo normal e tamb\u00e9m precisa do <strong>DO (ajudante) <\/strong>para formular uma pergunta. <\/span><\/p>\n<p class=\"XzvDs _208Ie tFDi5 blog-post-text-font blog-post-text-color _2QAo- _1iXso _7G6-i tFDi5\"><span style=\"font-family: arial, helvetica, sans-serif; color: #000000;\">J\u00e1 como <a class=\"_2qJYG blog-link-hashtag-color _3Sq3W\" style=\"color: #000000;\" href=\"https:\/\/www.soportugues.com.br\/secoes\/morf\/morf57.php\" target=\"_blank\" rel=\"noopener noreferrer\"><u class=\"sDZYg\">verbo auxiliar <\/u><\/a>ele serve somente para ajudar a formular as perguntas, isso acontece tanto no presente como no passado.<\/span><\/p>\n<div class=\"XzvDs _208Ie tFDi5 blog-post-text-font blog-post-text-color _2QAo- _25MYV _6RI6N tFDi5\"><\/div>\n<h3 class=\"XzvDs _208Ie tFDi5 blog-post-text-font blog-post-text-color _2QAo- _25MYV _6RI6N tFDi5\"><strong><span style=\"font-family: arial, helvetica, sans-serif; color: #000000;\">Vamos exemplificar para que haja melhor compreens\u00e3o:<\/span><\/strong><\/h3>\n<div class=\"XzvDs _208Ie tFDi5 blog-post-text-font blog-post-text-color _2QAo- _25MYV _6RI6N tFDi5\"><\/div>\n<h2 class=\"_3f-vr _208Ie blog-post-title-font _19AEJ _6Xxhi _2QAo- _1iXso _7G6-i tFDi5\"><span style=\"font-family: arial, helvetica, sans-serif; color: #000000;\"><strong>Uso do DO como verbo de a\u00e7\u00e3o<\/strong><\/span><\/h2>\n<p class=\"XzvDs _208Ie tFDi5 blog-post-text-font blog-post-text-color _2QAo- _1iXso _7G6-i tFDi5\"><span style=\"font-family: arial, helvetica, sans-serif; color: #000000;\"><strong>a) I do a lot of exercises when I\u2019m at the gym. \u2013 <\/strong>Eu fa\u00e7o muitos exerc\u00edcios quando eu estou na academia.<\/span><\/p>\n<p class=\"XzvDs _208Ie tFDi5 blog-post-text-font blog-post-text-color _2QAo- _1iXso _7G6-i tFDi5\"><span style=\"font-family: arial, helvetica, sans-serif; color: #000000;\"><strong>b) I will do my best. \u2013 <\/strong>Eu irei fazer o meu melhor.<\/span><\/p>\n<p class=\"XzvDs _208Ie tFDi5 blog-post-text-font blog-post-text-color _2QAo- _1iXso _7G6-i tFDi5\"><span style=\"font-family: arial, helvetica, sans-serif; color: #000000;\"><strong>c) She does everything around here. \u2013 <\/strong>Ela faz tudo por aqui.<\/span><\/p>\n<p class=\"XzvDs _208Ie tFDi5 blog-post-text-font blog-post-text-color _2QAo- _1iXso _7G6-i tFDi5\"><span style=\"font-family: arial, helvetica, sans-serif; color: #000000;\"><strong>Nota: <\/strong>Veja que utilizamos o <strong>DOES <\/strong>para <strong>SHE\/HE\/IT <\/strong>e iremos usar o <strong>DO <\/strong>para todas as outras pessoas. Assim tamb\u00e9m faremos na hora de formular perguntas. Quem ir\u00e1 determinar se iremos usar <strong>DO <\/strong>ou <strong>DOES <\/strong>\u00e9 a pessoa (pronome).<\/span><\/p>\n<div class=\"XzvDs _208Ie tFDi5 blog-post-text-font blog-post-text-color _2QAo- _25MYV _6RI6N tFDi5\"><\/div>\n<h2 class=\"_3f-vr _208Ie blog-post-title-font _19AEJ _6Xxhi _2QAo- _1iXso _7G6-i tFDi5\"><span style=\"font-family: arial, helvetica, sans-serif; color: #000000;\"><strong>DO como verbo auxiliar ou ajudante<\/strong><\/span><\/h2>\n<p class=\"XzvDs _208Ie tFDi5 blog-post-text-font blog-post-text-color _2QAo- _1iXso _7G6-i tFDi5\"><span style=\"font-family: arial, helvetica, sans-serif; color: #000000;\">Aqui est\u00e1 a tabela com os pronomes e o uso correto de <strong>DO<\/strong> e <strong>DOES<\/strong>:<\/span><\/p>\n<div class=\"XzvDs _208Ie tFDi5 blog-post-text-font blog-post-text-color _2QAo- _25MYV _6RI6N tFDi5\"><\/div>\n<h2 class=\"_3f-vr _208Ie blog-post-title-font _19AEJ _6Xxhi _2QAo- _1iXso _7G6-i tFDi5\"><span style=\"font-family: arial, helvetica, sans-serif; color: #000000;\"><strong>Do<\/strong><\/span><\/h2>\n<p class=\"XzvDs _208Ie tFDi5 blog-post-text-font blog-post-text-color _2QAo- _1iXso _7G6-i tFDi5\"><span style=\"font-family: arial, helvetica, sans-serif; color: #000000;\">Usamos do quando o sujeito \u00e9 <strong>I<\/strong>, <strong>you<\/strong>, <strong>we<\/strong> ou <strong>they<\/strong>.<\/span><\/p>\n<p class=\"XzvDs _208Ie tFDi5 blog-post-text-font blog-post-text-color _2QAo- _1iXso _7G6-i tFDi5\"><span style=\"font-family: arial, helvetica, sans-serif; color: #000000;\"><strong>Do I <\/strong>know you? \u2013 Eu sei? <strong>Do you<\/strong> come from England? \u2013 Voc\u00ea vem da Inglaterra? <strong>Do we<\/strong> have to cut the grass? \u2013 N\u00f3s temos que cortar a grama? <strong>Do they<\/strong> want to come with us? \u2013 Eles querem vir conosco?<\/span><\/p>\n<div class=\"XzvDs _208Ie tFDi5 blog-post-text-font blog-post-text-color _2QAo- _25MYV _6RI6N tFDi5\"><\/div>\n<h2 class=\"_3f-vr _208Ie blog-post-title-font _19AEJ _6Xxhi _2QAo- _1iXso _7G6-i tFDi5\"><span style=\"font-family: arial, helvetica, sans-serif; color: #000000;\"><strong>Does<\/strong><\/span><\/h2>\n<p class=\"XzvDs _208Ie tFDi5 blog-post-text-font blog-post-text-color _2QAo- _1iXso _7G6-i tFDi5\"><span style=\"font-family: arial, helvetica, sans-serif; color: #000000;\">Usamos does com a terceira pessoa do singular, como <strong>he<\/strong>, <strong>she<\/strong> ou <strong>it<\/strong>.<\/span><\/p>\n<p class=\"XzvDs _208Ie tFDi5 blog-post-text-font blog-post-text-color _2QAo- _1iXso _7G6-i tFDi5\"><span style=\"font-family: arial, helvetica, sans-serif; color: #000000;\"><strong>Does he<\/strong> work with you? \u2013 Ele trabalha com voc\u00ea? <strong>Does she<\/strong> have a car? \u2013 Ela tem um carro? <strong>Does it<\/strong> snow in winter? \u2013 Neva no inverno?<\/span><\/p>\n<div class=\"XzvDs _208Ie tFDi5 blog-post-text-font blog-post-text-color _2QAo- _25MYV _6RI6N tFDi5\"><\/div>\n<h2 class=\"_3f-vr _208Ie blog-post-title-font _19AEJ _6Xxhi _2QAo- _1iXso _7G6-i tFDi5\"><span style=\"font-family: arial, helvetica, sans-serif; color: #000000;\"><strong>Past Tense (passado)<\/strong><\/span><\/h2>\n<p class=\"XzvDs _208Ie tFDi5 blog-post-text-font blog-post-text-color _2QAo- _1iXso _7G6-i tFDi5\"><span style=\"font-family: arial, helvetica, sans-serif; color: #000000;\"><strong>Did <\/strong>\u00e9 a forma do passado tanto para<strong> do<\/strong> e<strong> does.<\/strong><\/span><\/p>\n<p class=\"XzvDs _208Ie tFDi5 blog-post-text-font blog-post-text-color _2QAo- _1iXso _7G6-i tFDi5\"><span style=\"font-family: arial, helvetica, sans-serif; color: #000000;\"><strong>Did he <\/strong>call you? \u2013 Ele te ligou? <strong>Did you<\/strong> enjoy it? \u2013 Voc\u00ea gostou?<\/span><\/p>\n<div class=\"XzvDs _208Ie tFDi5 blog-post-text-font blog-post-text-color _2QAo- _25MYV _6RI6N tFDi5\"><\/div>\n<h2 class=\"_3f-vr _208Ie blog-post-title-font _19AEJ _6Xxhi _2QAo- _1iXso _7G6-i tFDi5\"><span style=\"font-family: arial, helvetica, sans-serif; color: #000000;\"><strong>Negatives<\/strong><\/span><\/h2>\n<p class=\"XzvDs _208Ie tFDi5 blog-post-text-font blog-post-text-color _2QAo- _1iXso _7G6-i tFDi5\"><span style=\"font-family: arial, helvetica, sans-serif; color: #000000;\">A forma negativa de <strong>do<\/strong> \u00e9 <strong>do not<\/strong>. E a forma contra\u00edda \u00e9 <strong>don\u2019t<\/strong>.<\/span><\/p>\n<p class=\"XzvDs _208Ie tFDi5 blog-post-text-font blog-post-text-color _2QAo- _1iXso _7G6-i tFDi5\"><span style=\"font-family: arial, helvetica, sans-serif; color: #000000;\">I <strong>do not<\/strong> like sports. \u2013 Eu n\u00e3o gosto de esportes. I <strong>don\u2019t<\/strong> like sports.<\/span><\/p>\n<p class=\"XzvDs _208Ie tFDi5 blog-post-text-font blog-post-text-color _2QAo- _1iXso _7G6-i tFDi5\"><span style=\"font-family: arial, helvetica, sans-serif; color: #000000;\">A forma negativa de <strong>does<\/strong> \u00e9 <strong>does not<\/strong>. E a forma contra\u00edda \u00e9 <strong>doesn\u2019t<\/strong>.<\/span><\/p>\n<p class=\"XzvDs _208Ie tFDi5 blog-post-text-font blog-post-text-color _2QAo- _1iXso _7G6-i tFDi5\"><span style=\"font-family: arial, helvetica, sans-serif; color: #000000;\">He <strong>does not<\/strong> like sports. \u2013 Ele n\u00e3o gosta de esportes. He <strong>doesn\u2019t <\/strong>like sports.<\/span><\/p>\n<p class=\"XzvDs _208Ie tFDi5 blog-post-text-font blog-post-text-color _2QAo- _1iXso _7G6-i tFDi5\"><span style=\"font-family: arial, helvetica, sans-serif; color: #000000;\">A forma negativa de <strong>did<\/strong> \u00e9 <strong>did not<\/strong>. E a forma contra\u00edda \u00e9 <strong>didn\u2019t<\/strong>.<\/span><\/p>\n<p class=\"XzvDs _208Ie tFDi5 blog-post-text-font blog-post-text-color _2QAo- _1iXso _7G6-i tFDi5\"><span style=\"font-family: arial, helvetica, sans-serif; color: #000000;\">I <strong>did not<\/strong> know you were coming. \u2013 Eu n\u00e3o sabia que voc\u00ea estava vindo. I<strong> didn\u2019t<\/strong> know you were coming.<\/span><\/p>\n<div class=\"XzvDs _208Ie tFDi5 blog-post-text-font blog-post-text-color _2QAo- _25MYV _6RI6N tFDi5\"><\/div>\n<p class=\"XzvDs _208Ie tFDi5 blog-post-text-font blog-post-text-color _2QAo- _1iXso _7G6-i tFDi5\"><span style=\"font-family: arial, helvetica, sans-serif; color: #000000;\">Gostou das dicas? Fuja dos erros gramaticais. <\/span><\/p>\n<p class=\"XzvDs _208Ie tFDi5 blog-post-text-font blog-post-text-color _2QAo- _1iXso _7G6-i tFDi5\"><span style=\"font-family: arial, helvetica, sans-serif; color: #000000;\"><span style=\"color: #0000ff;\"><strong><a class=\"_2qJYG blog-link-hashtag-color _3Sq3W\" style=\"color: #0000ff;\" href=\"http:\/\/www.eacprime.com\/\" target=\"_blank\" rel=\"noopener noreferrer\"><u class=\"sDZYg\">Clique aqui<\/u><\/a> <\/strong><\/span>e Comece o Curso de <a class=\"_2qJYG blog-link-hashtag-color _3Sq3W\" style=\"color: #000000;\" href=\"http:\/\/www.eacprime.com\/\" target=\"_blank\" rel=\"noopener noreferrer\"><u class=\"sDZYg\"><strong><span style=\"color: #0000ff;\">Ingl\u00eas em Imers\u00e3o<\/span><\/strong><\/u><\/a> e fique por dentro de tudo sobre uma das l\u00ednguas mais faladas do mundo.<\/span><\/p>\n","protected":false},"excerpt":{"rendered":"<p>Entenda o uso do \u201cDo\u201d e do \u201cDoes\u201d, fique atendo as dicas para n\u00e3o cometer erros! Hoje vamos esclarecer o uso dos verbos: Do e Does, parece simples, mas pode confundir muito os estudantes que est\u00e3o come\u00e7ando agora. O verbo DO \u00e9 um verbo que pode ser usado tanto como um verbo de a\u00e7\u00e3o significando [&hellip;]<\/p>\n","protected":false},"author":1,"featured_media":249,"comment_status":"closed","ping_status":"closed","sticky":false,"template":"","format":"standard","meta":{"footnotes":""},"categories":[1],"tags":[],"class_list":["post-1606","post","type-post","status-publish","format-standard","has-post-thumbnail","hentry","category-ingles-em-imersao"],"_links":{"self":[{"href":"https:\/\/eacprime.com\/blog\/wp-json\/wp\/v2\/posts\/1606","targetHints":{"allow":["GET"]}}],"collection":[{"href":"https:\/\/eacprime.com\/blog\/wp-json\/wp\/v2\/posts"}],"about":[{"href":"https:\/\/eacprime.com\/blog\/wp-json\/wp\/v2\/types\/post"}],"author":[{"embeddable":true,"href":"https:\/\/eacprime.com\/blog\/wp-json\/wp\/v2\/users\/1"}],"replies":[{"embeddable":true,"href":"https:\/\/eacprime.com\/blog\/wp-json\/wp\/v2\/comments?post=1606"}],"version-history":[{"count":1,"href":"https:\/\/eacprime.com\/blog\/wp-json\/wp\/v2\/posts\/1606\/revisions"}],"predecessor-version":[{"id":120489,"href":"https:\/\/eacprime.com\/blog\/wp-json\/wp\/v2\/posts\/1606\/revisions\/120489"}],"wp:featuredmedia":[{"embeddable":true,"href":"https:\/\/eacprime.com\/blog\/wp-json\/wp\/v2\/media\/249"}],"wp:attachment":[{"href":"https:\/\/eacprime.com\/blog\/wp-json\/wp\/v2\/media?parent=1606"}],"wp:term":[{"taxonomy":"category","embeddable":true,"href":"https:\/\/eacprime.com\/blog\/wp-json\/wp\/v2\/categories?post=1606"},{"taxonomy":"post_tag","embeddable":true,"href":"https:\/\/eacprime.com\/blog\/wp-json\/wp\/v2\/tags?post=1606"}],"curies":[{"name":"wp","href":"https:\/\/api.w.org\/{rel}","templated":true}]}}