{"id":1800,"date":"2020-07-09T01:32:58","date_gmt":"2020-07-09T04:32:58","guid":{"rendered":"https:\/\/eacprime.jessicarsb.com.br\/index.php\/2020\/07\/09\/https-www-eacprime-com-6-dicas-para-elaborar-um-curriculo-perfeito\/"},"modified":"2026-04-23T21:54:15","modified_gmt":"2026-04-23T21:54:15","slug":"6-dicas-para-elaborar-um-curriculo-perfeito","status":"publish","type":"post","link":"https:\/\/eacprime.com\/blog\/6-dicas-para-elaborar-um-curriculo-perfeito\/","title":{"rendered":"6 Dicas para elaborar um curr\u00edculo perfeito"},"content":{"rendered":"<p><span style=\"font-family: arial, helvetica, sans-serif; color: #000000;\">Dicas para elaborar um curr\u00edculo perfeito, o maior erro das pessoas que buscam emprego, est\u00e1 no <strong>curr\u00edculo<\/strong> inadequado.<\/span><\/p>\n<p><span style=\"font-family: arial, helvetica, sans-serif; color: #000000;\">Muitos profissionais perdem oportunidades no mercado de trabalho por um motivo simples, um curr\u00edculo mau feito, por isso os candidatos devem ficar atento aos pequenos detalhes pode fazer uma grande diferen\u00e7a. <\/span><\/p>\n<p><span style=\"font-family: arial, helvetica, sans-serif; color: #000000;\">O curr\u00edculo ainda segue sendo como uma das principais cartas de apresenta\u00e7\u00e3o para que as pessoas demonstrem ter interesse por trabalhar em uma determinada empresa.<\/span><\/p>\n<p><span style=\"font-family: arial, helvetica, sans-serif; color: #000000;\">Este documento tem a responsabilidade de resumir as experi\u00eancias profissionais e as qualifica\u00e7\u00f5es do candidato, pode significar a diferen\u00e7a entre a pessoa conseguir ou n\u00e3o uma determinada oportunidade. <\/span><\/p>\n<p><span style=\"font-family: arial, helvetica, sans-serif; color: #000000;\">Os curr\u00edculos funcionam como uma etapa eliminat\u00f3ria quando avaliados, guiam entrevistas, e podem ser ferramentas poderosas de marketing pessoal.<\/span><\/p>\n<p><span style=\"font-family: arial, helvetica, sans-serif; color: #000000;\">Com o advento de auxili\u00e1-lo na hora de elaborar um curr\u00edculo perfeito, abaixo listamos 06 dicas muito \u00fateis para que o candidato n\u00e3o fique perdido:<\/span><\/p>\n<p><span style=\"font-family: arial, helvetica, sans-serif; font-size: 14pt; color: #000000;\"><strong>1. Dados pessoais<\/strong><\/span><\/p>\n<p><span style=\"font-family: arial, helvetica, sans-serif; color: #000000;\">O primeiro passo \u00e9 os dados pessoais, deve conter o m\u00e1ximo de informa\u00e7\u00f5es \u00fateis de contato poss\u00edvel como:<\/span><\/p>\n<ul>\n<li><span style=\"font-family: arial, helvetica, sans-serif; color: #000000;\">Nome completo<\/span><\/li>\n<li><span style=\"font-family: arial, helvetica, sans-serif; color: #000000;\">Endere\u00e7o<\/span><\/li>\n<li><span style=\"font-family: arial, helvetica, sans-serif; color: #000000;\">Data de nascimento<\/span><\/li>\n<li><span style=\"font-family: arial, helvetica, sans-serif; color: #000000;\">Contatos principais (telefone, celular e e-mail)<\/span><\/li>\n<li><span style=\"font-family: arial, helvetica, sans-serif; color: #000000;\">Estado civil<\/span><\/li>\n<\/ul>\n<h2><span style=\"font-size: 14pt; font-family: arial, helvetica, sans-serif; color: #000000;\"><strong>2. Objetivo profissional<\/strong><\/span><\/h2>\n<p><span style=\"font-family: arial, helvetica, sans-serif; color: #000000;\">O campo de objetivo profissional serve basicamente para voc\u00ea colocar a \u00e1rea de interesse que voc\u00ea deseja trabalhar, ou o cargo para uma vaga espec\u00edfica. <\/span><\/p>\n<p><span style=\"font-family: arial, helvetica, sans-serif; color: #000000;\">Se voc\u00ea sabe exatamente a vaga que est\u00e1 se candidatando, coloque o nome da vaga no objetivo profissional, caso contr\u00e1rio, coloque a \u00e1rea de interesse.<\/span><\/p>\n<h2><span style=\"font-size: 14pt; font-family: arial, helvetica, sans-serif; color: #000000;\"><strong>3. Qualifica\u00e7\u00f5es<\/strong><\/span><\/h2>\n<p><span style=\"font-family: arial, helvetica, sans-serif; color: #000000;\">Neste campo o ideal \u00e9 que o candidato destaque de forma resumida as suas compet\u00eancias e <strong><a style=\"color: #000000;\" href=\"https:\/\/oportunidadesprofissionais.com.br\/exemplos-pontos-fortes-entrevista\/\" target=\"_blank\" rel=\"noopener noreferrer\">pontos fortes<\/a><\/strong>, para que o profissional tenha interesse em chamar voc\u00ea para a entrevista de emprego.<\/span><\/p>\n<p><span style=\"font-family: arial, helvetica, sans-serif; color: #000000;\">A dica para fazer o resumo das qualifica\u00e7\u00f5es, \u00e9 usar uma organiza\u00e7\u00e3o em t\u00f3picos e que siga uma l\u00f3gica. Por exemplo:<\/span><\/p>\n<ul>\n<li><span style=\"font-family: arial, helvetica, sans-serif; color: #000000;\">Profissional com ampla experi\u00eancia em vendas<\/span><\/li>\n<li><span style=\"font-family: arial, helvetica, sans-serif; color: #000000;\">Experi\u00eancia em lidar diretamente com o cliente final<\/span><\/li>\n<li><span style=\"font-family: arial, helvetica, sans-serif; color: #000000;\">Atua\u00e7\u00e3o na loja X com vendas de produtos de alto valor<\/span><\/li>\n<\/ul>\n<p><span style=\"font-family: arial, helvetica, sans-serif; color: #000000;\">Procure citar cerca de cinco t\u00f3picos para um resumo de qualifica\u00e7\u00f5es ideal.<\/span><\/p>\n<h2><span style=\"font-size: 14pt; font-family: arial, helvetica, sans-serif; color: #000000;\"><strong>4. Forma\u00e7\u00e3o<\/strong><\/span><\/h2>\n<p><span style=\"font-family: arial, helvetica, sans-serif; color: #000000;\">Aqui \u00e9 a oportunidade de divulgar suas habilidades t\u00e9cnicas como: doutorado, mestrado, p\u00f3s-gradua\u00e7\u00e3o, gradua\u00e7\u00e3o tecnol\u00f3gica, gradua\u00e7\u00e3o, ensino m\u00e9dio t\u00e9cnico, ensino m\u00e9dio, ensino fundamental, certifica\u00e7\u00f5es e extens\u00e3o universit\u00e1ria.<\/span><\/p>\n<h2><span style=\"font-family: arial, helvetica, sans-serif; color: #000000;\"><strong><span style=\"font-size: 14pt;\">5. Idiomas<\/span><\/strong><\/span><\/h2>\n<p><span style=\"font-family: arial, helvetica, sans-serif; color: #000000;\">O campo idiomas deve ser acrescentado por profissionais que possuem o diferencial de compreender e falar outro idioma al\u00e9m do portugu\u00eas, por isso destacamos a import\u00e2ncia<\/span><\/p>\n<p><span style=\"font-family: arial, helvetica, sans-serif; color: #000000;\">da flu\u00eancia na l\u00edngua inglesa por exemplo. Muitas empresas reconhecem o dom\u00ednio da l\u00edngua inglesa como crit\u00e9rio fundamental para ocupa\u00e7\u00e3o no mercado de trabalho, por isso, esteja em dia com a l\u00edngua.<\/span><\/p>\n<h2><span style=\"font-size: 14pt; font-family: arial, helvetica, sans-serif; color: #000000;\"><strong>6. Experi\u00eancias profissionais<\/strong><\/span><\/h2>\n<p><span style=\"font-family: arial, helvetica, sans-serif; color: #000000;\">O campo de experi\u00eancias profissionais serve para voc\u00ea provar a sua compet\u00eancia e experi\u00eancia na vaga desejada, \u00e9 importante que o profissional descreva como contribuiu para as empresas que trabalhou, como o seu trabalho ajudou a melhorar os resultados, novamente com a organiza\u00e7\u00e3o em t\u00f3picos. <strong>Por exemplo:<\/strong><\/span><\/p>\n<ul>\n<li><span style=\"font-family: arial, helvetica, sans-serif; color: #000000;\">Nome da empresa<\/span><\/li>\n<li><span style=\"font-family: arial, helvetica, sans-serif; color: #000000;\">Cargo<\/span><\/li>\n<li><span style=\"font-family: arial, helvetica, sans-serif; color: #000000;\">Per\u00edodo [m\u00eas e ano]<\/span><\/li>\n<li><span style=\"font-family: arial, helvetica, sans-serif; color: #000000;\">Fun\u00e7\u00f5es [com uma boa descri\u00e7\u00e3o]<\/span><\/li>\n<li><span style=\"font-family: arial, helvetica, sans-serif; color: #000000;\">Resultados.<\/span><\/li>\n<\/ul>\n<p><span style=\"font-family: arial, helvetica, sans-serif; color: #000000;\">Traga o diferencial para seu curr\u00edculo. Comece o curso de ingl\u00eas em imers\u00e3o e n\u00e3o perca nenhuma oportunidade de emprego. <\/span><\/p>\n<p><span style=\"font-family: arial, helvetica, sans-serif; color: #000000;\"><a style=\"color: #000000;\" href=\"https:\/\/www.eacprime.com\/\"><strong><span style=\"color: #0000ff;\">Clique aqui<\/span><\/strong><\/a> e saiba mais.<\/span><\/p>\n","protected":false},"excerpt":{"rendered":"<p>Dicas para elaborar um curr\u00edculo perfeito, o maior erro das pessoas que buscam emprego, est\u00e1 no curr\u00edculo inadequado. Muitos profissionais perdem oportunidades no mercado de trabalho por um motivo simples, um curr\u00edculo mau feito, por isso os candidatos devem ficar atento aos pequenos detalhes pode fazer uma grande diferen\u00e7a. O curr\u00edculo ainda segue sendo como [&hellip;]<\/p>\n","protected":false},"author":1,"featured_media":437,"comment_status":"closed","ping_status":"closed","sticky":false,"template":"","format":"standard","meta":{"footnotes":""},"categories":[1232],"tags":[],"class_list":["post-1800","post","type-post","status-publish","format-standard","has-post-thumbnail","hentry","category-dicas-de-ingles"],"_links":{"self":[{"href":"https:\/\/eacprime.com\/blog\/wp-json\/wp\/v2\/posts\/1800","targetHints":{"allow":["GET"]}}],"collection":[{"href":"https:\/\/eacprime.com\/blog\/wp-json\/wp\/v2\/posts"}],"about":[{"href":"https:\/\/eacprime.com\/blog\/wp-json\/wp\/v2\/types\/post"}],"author":[{"embeddable":true,"href":"https:\/\/eacprime.com\/blog\/wp-json\/wp\/v2\/users\/1"}],"replies":[{"embeddable":true,"href":"https:\/\/eacprime.com\/blog\/wp-json\/wp\/v2\/comments?post=1800"}],"version-history":[{"count":1,"href":"https:\/\/eacprime.com\/blog\/wp-json\/wp\/v2\/posts\/1800\/revisions"}],"predecessor-version":[{"id":120583,"href":"https:\/\/eacprime.com\/blog\/wp-json\/wp\/v2\/posts\/1800\/revisions\/120583"}],"wp:featuredmedia":[{"embeddable":true,"href":"https:\/\/eacprime.com\/blog\/wp-json\/wp\/v2\/media\/437"}],"wp:attachment":[{"href":"https:\/\/eacprime.com\/blog\/wp-json\/wp\/v2\/media?parent=1800"}],"wp:term":[{"taxonomy":"category","embeddable":true,"href":"https:\/\/eacprime.com\/blog\/wp-json\/wp\/v2\/categories?post=1800"},{"taxonomy":"post_tag","embeddable":true,"href":"https:\/\/eacprime.com\/blog\/wp-json\/wp\/v2\/tags?post=1800"}],"curies":[{"name":"wp","href":"https:\/\/api.w.org\/{rel}","templated":true}]}}