{"id":1804,"date":"2020-07-11T01:47:09","date_gmt":"2020-07-11T04:47:09","guid":{"rendered":"https:\/\/eacprime.jessicarsb.com.br\/index.php\/2020\/07\/11\/https-www-eacprime-com-profissionais-de-ti\/"},"modified":"2026-04-23T21:54:13","modified_gmt":"2026-04-23T21:54:13","slug":"pandemia-profissonais","status":"publish","type":"post","link":"https:\/\/eacprime.com\/blog\/pandemia-profissonais\/","title":{"rendered":"Pandemia: Profissionais de T.I Est\u00e3o em Alta"},"content":{"rendered":"<h3><span style=\"font-family: arial, helvetica, sans-serif; color: #000000;\"><strong>Para os profissionais do T.I, n\u00e3o tem crise, aumentou a procura para este setor.<\/strong><\/span><\/h3>\n<p><span style=\"font-family: arial, helvetica, sans-serif; color: #000000;\">Pandemia causada pelo coronav\u00edrus tem impactado diretamente a economia e o mercado de trabalho, o que fez com que a demanda por profissionais da tecnologia fosse impulsionada nos \u00faltimos meses.<\/span><\/p>\n<p><span style=\"font-family: arial, helvetica, sans-serif; color: #000000;\">O <strong>profissional de TI<\/strong> \u00e9 o respons\u00e1vel por gerenciar as informa\u00e7\u00f5es em uma organiza\u00e7\u00e3o, criando e distribuindo-as em redes de computadores, al\u00e9m de lidar com processamento de dados, engenharia de software, inform\u00e1tica, hardwares e softwares.<\/span><\/p>\n<p><span style=\"font-family: arial, helvetica, sans-serif; color: #000000;\">Estes profissionais da \u00e1rea se relacionam com diversos setores da organiza\u00e7\u00e3o, e devem estar aptos para dar orienta\u00e7\u00f5es acerca do uso de softwares e implanta\u00e7\u00e3o e administra\u00e7\u00e3o de sistemas, a fim de impulsionar as atividades de todos os envolvidos.<\/span><\/p>\n<p><span style=\"font-family: arial, helvetica, sans-serif; color: #000000;\">Al\u00e9m disso, este setor vem conquistando cada vez mais espa\u00e7o, que mesmo diante a quarentena decretada, a demanda por l\u00edderes e gestores especialistas continua em ascens\u00e3o atualmente no Brasil, se a \u00e1rea j\u00e1 tinha boas previs\u00f5es de crescimento nos \u00faltimos tr\u00eas anos, com o surgimento de novas fun\u00e7\u00f5es, cursos e especializa\u00e7\u00f5es, o movimento se intensificou.<\/span><\/p>\n<p><span style=\"font-family: arial, helvetica, sans-serif; color: #000000;\">Cumpre destacar que a \u00e1rea de tecnologia da informa\u00e7\u00e3o \u00e9 voltada para procedimentos tecnol\u00f3gicos que s\u00e3o globalizados, sendo este o principal motivo pelo qual todo o trabalho desse profissional \u00e9 voltado para os termos em ingl\u00eas.<\/span><\/p>\n<p><span style=\"font-family: arial, helvetica, sans-serif; color: #000000;\">Para ter um exemplo basta considerarmos as empresas, sejam de pequeno, m\u00e9dio ou grande porte que atuam nas \u00e1reas de TI. <\/span><\/p>\n<p><span style=\"font-family: arial, helvetica, sans-serif; color: #000000;\">Sabemos que essa \u00e1rea do mercado de trabalho conta com vocabul\u00e1rios \u00fanicos e universais, que s\u00e3o termos todos em ingl\u00eas.<\/span><\/p>\n<p><span style=\"font-family: arial, helvetica, sans-serif; color: #000000;\">Para um profissional que busca se qualificar t\u00e3o somente em TI, mas em qualquer \u00e1rea vai encontrar muito mais conte\u00fado online dispon\u00edvel se falar ingl\u00eas.<\/span><\/p>\n<p><span style=\"font-family: arial, helvetica, sans-serif; color: #000000;\">Deste modo a <a style=\"color: #000000;\" href=\"https:\/\/www.eacprime.com\/ingles-na-ti-porque-e-vital-para-os-profissionais-de-ti\/\"><strong><span style=\"color: #0000ff;\">Tecnologia da Informa\u00e7\u00e3o<\/span><\/strong><\/a>, trata diretamente com c\u00f3digos e termos cunhados em ingl\u00eas, basicamente todos os melhores cursos da \u00e1rea s\u00e3o produzidos neste idioma.<\/span><\/p>\n<p><span style=\"font-family: arial, helvetica, sans-serif; color: #000000;\">Aproveite todas as grandes oportunidades que o ingl\u00eas oferece, <span style=\"color: #0000ff;\"><a style=\"color: #0000ff;\" href=\"https:\/\/www.eacprime.com\/\"><strong>clique aqui<\/strong> <\/a><\/span>e comece o curso de ingl\u00eas em imers\u00e3o, seu futuro merece esta escolha.<\/span><\/p>\n","protected":false},"excerpt":{"rendered":"<p>Para os profissionais do T.I, n\u00e3o tem crise, aumentou a procura para este setor. Pandemia causada pelo coronav\u00edrus tem impactado diretamente a economia e o mercado de trabalho, o que fez com que a demanda por profissionais da tecnologia fosse impulsionada nos \u00faltimos meses. O profissional de TI \u00e9 o respons\u00e1vel por gerenciar as informa\u00e7\u00f5es [&hellip;]<\/p>\n","protected":false},"author":1,"featured_media":441,"comment_status":"closed","ping_status":"closed","sticky":false,"template":"","format":"standard","meta":{"footnotes":""},"categories":[1238],"tags":[],"class_list":["post-1804","post","type-post","status-publish","format-standard","has-post-thumbnail","hentry","category-profissoes"],"_links":{"self":[{"href":"https:\/\/eacprime.com\/blog\/wp-json\/wp\/v2\/posts\/1804","targetHints":{"allow":["GET"]}}],"collection":[{"href":"https:\/\/eacprime.com\/blog\/wp-json\/wp\/v2\/posts"}],"about":[{"href":"https:\/\/eacprime.com\/blog\/wp-json\/wp\/v2\/types\/post"}],"author":[{"embeddable":true,"href":"https:\/\/eacprime.com\/blog\/wp-json\/wp\/v2\/users\/1"}],"replies":[{"embeddable":true,"href":"https:\/\/eacprime.com\/blog\/wp-json\/wp\/v2\/comments?post=1804"}],"version-history":[{"count":1,"href":"https:\/\/eacprime.com\/blog\/wp-json\/wp\/v2\/posts\/1804\/revisions"}],"predecessor-version":[{"id":120585,"href":"https:\/\/eacprime.com\/blog\/wp-json\/wp\/v2\/posts\/1804\/revisions\/120585"}],"wp:featuredmedia":[{"embeddable":true,"href":"https:\/\/eacprime.com\/blog\/wp-json\/wp\/v2\/media\/441"}],"wp:attachment":[{"href":"https:\/\/eacprime.com\/blog\/wp-json\/wp\/v2\/media?parent=1804"}],"wp:term":[{"taxonomy":"category","embeddable":true,"href":"https:\/\/eacprime.com\/blog\/wp-json\/wp\/v2\/categories?post=1804"},{"taxonomy":"post_tag","embeddable":true,"href":"https:\/\/eacprime.com\/blog\/wp-json\/wp\/v2\/tags?post=1804"}],"curies":[{"name":"wp","href":"https:\/\/api.w.org\/{rel}","templated":true}]}}