{"id":1893,"date":"2020-10-13T01:08:23","date_gmt":"2020-10-13T04:08:23","guid":{"rendered":"https:\/\/eacprime.jessicarsb.com.br\/index.php\/2020\/10\/13\/https-www-eacprime-com-dia-do-professor-no-brasil-e-no-mundo\/"},"modified":"2026-04-23T21:53:30","modified_gmt":"2026-04-23T21:53:30","slug":"dia-do-professor-no-brasil-e-no-mundo","status":"publish","type":"post","link":"https:\/\/eacprime.com\/blog\/dia-do-professor-no-brasil-e-no-mundo\/","title":{"rendered":"Dia do Professor no Brasil e no Mundo!"},"content":{"rendered":"<p><span style=\"font-family: arial, helvetica, sans-serif; color: #000000;\">Dia do Professor no Brasil, no Brasil em 15 de Outubro comemoramos o Dia dos Professores e das Professoras.<\/span><\/p>\n<p><span style=\"font-family: arial, helvetica, sans-serif; color: #000000;\">Este profissional \u00e9 parte do que somos no dia de hoje, e com certeza todos n\u00f3s em algum momento da vida tivemos ou temos professores, por isso \u00e9 uma profiss\u00e3o fundamental.<\/span><\/p>\n<p><span style=\"font-family: arial, helvetica, sans-serif; color: #000000;\">O <a style=\"color: #000000;\" href=\"https:\/\/pt.wikipedia.org\/wiki\/Professor\" target=\"_blank\" rel=\"noopener noreferrer\"><strong>professor<\/strong><\/a> exerce diversas fun\u00e7\u00f5es no processo educativo. Ele realiza diferentes tipos de atividades que buscam educar e ensinar e na atualidade, ser professor n\u00e3o se limita apenas a transmitir conhecimento sobre determinado assunto.<\/span><\/p>\n<p><span style=\"font-family: arial, helvetica, sans-serif; color: #000000;\">O papel do professor envolve uma responsabilidade bem mais complexa, que consiste em formar o aluno em uma perspectiva integral que engloba os aspectos social, afetivo e psicol\u00f3gico.<\/span><\/p>\n<p><span style=\"font-family: arial, helvetica, sans-serif; color: #000000;\">Para isso, \u00e9 preciso ter experi\u00eancia, cultura e conhecimento plural, a fim de tornar o aluno capaz de responder, de forma cr\u00edtica e aut\u00f4noma, aos desafios de uma sociedade em transforma\u00e7\u00e3o constante, seja no \u00e2mbito pessoal ou profissional.<\/span><\/p>\n<p><span style=\"font-family: arial, helvetica, sans-serif; color: #000000;\">Entre suas atividades pedag\u00f3gicas, o professor pode aplicar provas e trabalhos com o objetivo de avaliar o ensino-aprendizagem, elaborar conte\u00fados e m\u00e9todos que facilitem o aprendizado, aplicar atividades em grupo que estimulem o trabalho em equipe, o respeito e a conviv\u00eancia com as diferen\u00e7as pessoais.<\/span><\/p>\n<p><span style=\"font-family: arial, helvetica, sans-serif; color: #000000;\">Todos os pa\u00edses latino-americanos celebram o Dia do Professor em datas diferentes. <\/span><\/p>\n<p><span style=\"font-family: arial, helvetica, sans-serif; color: #000000;\">As raz\u00f5es que levaram \u00e0 constitui\u00e7\u00e3o do dia tamb\u00e9m pode variar de pa\u00eds para pa\u00eds.<\/span><\/p>\n<p><span style=\"font-family: arial, helvetica, sans-serif; color: #000000;\">No entanto, a maioria das comemora\u00e7\u00f5es obedecem a comemora\u00e7\u00f5es feitas a pessoas que marcaram o conceito educativo na regi\u00e3o.<\/span><\/p>\n<p><span style=\"font-family: arial, helvetica, sans-serif; color: #000000;\">Acompanhe as datas em que \u00e9 celebrado o Dia dos Professores no Brasil e no mundo:<\/span><\/p>\n<ul>\n<li><span style=\"font-family: arial, helvetica, sans-serif; color: #000000;\">Brasil \u2013 15 de outubro.<\/span><\/li>\n<li><span style=\"font-family: arial, helvetica, sans-serif; color: #000000;\">Argentina \u2013 11 de Setembro;<\/span><\/li>\n<li><span style=\"font-family: arial, helvetica, sans-serif; color: #000000;\">Austr\u00e1lia \u2013 na \u00faltima sexta-feira de outubro;<\/span><\/li>\n<li><span style=\"font-family: arial, helvetica, sans-serif; color: #000000;\">Estados Unidos \u2013 na ter\u00e7a-feira da primeira semana de maio, quando ocorre a Teacher Apreciativo Week. Ocorre a semana toda as homenagens aos professores. S\u00f3 em Massachussets que tem um dia diferente: o primeiro domingo de junho; antes dos atentados terroristas ao pa\u00eds comemorado no dia 11 de setembro.<\/span><\/li>\n<li><span style=\"font-family: arial, helvetica, sans-serif; color: #000000;\">Chile \u2013 16 de outubro;<\/span><\/li>\n<li><span style=\"font-family: arial, helvetica, sans-serif; color: #000000;\">China \u2013 10 de setembro;<\/span><\/li>\n<li><span style=\"font-family: arial, helvetica, sans-serif; color: #000000;\">\u00cdndia \u2013 5 de setembro;<\/span><\/li>\n<li><span style=\"font-family: arial, helvetica, sans-serif; color: #000000;\">M\u00e9xico \u2013 15 de maio;<\/span><\/li>\n<li><span style=\"font-family: arial, helvetica, sans-serif; color: #000000;\">Peru \u2013 6 de julho<\/span><\/li>\n<\/ul>\n<p>&nbsp;<\/p>\n<p><span style=\"font-family: arial, helvetica, sans-serif; color: #000000;\">N\u00e3o fique a\u00ed parado, venha estudar de forma r\u00e1pida e segura, o mercado de trabalho exige uma segunda l\u00edngua. <\/span><\/p>\n<p><span style=\"font-family: arial, helvetica, sans-serif; color: #000000;\"><span style=\"color: #0000ff;\"><strong><span style=\"text-decoration: underline;\"><a style=\"color: #0000ff; text-decoration: underline;\" href=\"https:\/\/www.eacprime.com\/\">Clique aqui<\/a><\/span><\/strong> <\/span>e inscreva-se.<\/span><\/p>\n","protected":false},"excerpt":{"rendered":"<p>Dia do Professor no Brasil, no Brasil em 15 de Outubro comemoramos o Dia dos Professores e das Professoras. Este profissional \u00e9 parte do que somos no dia de hoje, e com certeza todos n\u00f3s em algum momento da vida tivemos ou temos professores, por isso \u00e9 uma profiss\u00e3o fundamental. O professor exerce diversas fun\u00e7\u00f5es [&hellip;]<\/p>\n","protected":false},"author":1,"featured_media":531,"comment_status":"closed","ping_status":"closed","sticky":false,"template":"","format":"standard","meta":{"footnotes":""},"categories":[1],"tags":[],"class_list":["post-1893","post","type-post","status-publish","format-standard","has-post-thumbnail","hentry","category-ingles-em-imersao"],"_links":{"self":[{"href":"https:\/\/eacprime.com\/blog\/wp-json\/wp\/v2\/posts\/1893","targetHints":{"allow":["GET"]}}],"collection":[{"href":"https:\/\/eacprime.com\/blog\/wp-json\/wp\/v2\/posts"}],"about":[{"href":"https:\/\/eacprime.com\/blog\/wp-json\/wp\/v2\/types\/post"}],"author":[{"embeddable":true,"href":"https:\/\/eacprime.com\/blog\/wp-json\/wp\/v2\/users\/1"}],"replies":[{"embeddable":true,"href":"https:\/\/eacprime.com\/blog\/wp-json\/wp\/v2\/comments?post=1893"}],"version-history":[{"count":1,"href":"https:\/\/eacprime.com\/blog\/wp-json\/wp\/v2\/posts\/1893\/revisions"}],"predecessor-version":[{"id":120630,"href":"https:\/\/eacprime.com\/blog\/wp-json\/wp\/v2\/posts\/1893\/revisions\/120630"}],"wp:featuredmedia":[{"embeddable":true,"href":"https:\/\/eacprime.com\/blog\/wp-json\/wp\/v2\/media\/531"}],"wp:attachment":[{"href":"https:\/\/eacprime.com\/blog\/wp-json\/wp\/v2\/media?parent=1893"}],"wp:term":[{"taxonomy":"category","embeddable":true,"href":"https:\/\/eacprime.com\/blog\/wp-json\/wp\/v2\/categories?post=1893"},{"taxonomy":"post_tag","embeddable":true,"href":"https:\/\/eacprime.com\/blog\/wp-json\/wp\/v2\/tags?post=1893"}],"curies":[{"name":"wp","href":"https:\/\/api.w.org\/{rel}","templated":true}]}}