{"id":1903,"date":"2020-11-04T02:14:52","date_gmt":"2020-11-04T05:14:52","guid":{"rendered":"https:\/\/eacprime.jessicarsb.com.br\/index.php\/2020\/11\/04\/https-www-eacprime-com-dia-dos-finados-no-mundo\/"},"modified":"2026-04-23T21:53:26","modified_gmt":"2026-04-23T21:53:26","slug":"dia-dos-finados-no-mundo","status":"publish","type":"post","link":"https:\/\/eacprime.com\/blog\/dia-dos-finados-no-mundo\/","title":{"rendered":"Dia dos Finados no Mundo!"},"content":{"rendered":"<p><span style=\"font-family: arial, helvetica, sans-serif; color: #000000;\">Dia dos finados no mundo, no ultimo dia 02 e Novembro comemoramos no Brasil o dia dos finados!<\/span><\/p>\n<p><span style=\"font-family: arial, helvetica, sans-serif; color: #000000;\">Quem ai j\u00e1 n\u00e3o perdeu um ente querido n\u00e3o \u00e9 mesmo? Ter um dia exclusivo para eles, com celebra\u00e7\u00f5es religiosas, familiares, com direito a visita ao cemit\u00e9rio.<\/span><\/p>\n<p><span style=\"font-family: arial, helvetica, sans-serif; color: #000000;\">O Dia de Finados \u00e9 lembrado por v\u00e1rios pa\u00edses, que refletem suas refer\u00eancias culturais e religiosas distintas.<\/span><\/p>\n<h2><span style=\"font-family: arial, helvetica, sans-serif; color: #000000;\"><strong>Breve Hist\u00f3rico:<\/strong><\/span><\/h2>\n<p><span style=\"font-family: arial, helvetica, sans-serif; color: #000000;\">O <strong>Dia de Finados<\/strong>, como \u00e9 conhecido, foi institu\u00eddo inicialmente no s\u00e9culo X, na abadia beneditina de Cluny, na Fran\u00e7a, pelo abade Odilo. <\/span><\/p>\n<p><span style=\"font-family: arial, helvetica, sans-serif; color: #000000;\">Odilo de Cluny sugeriu, no dia <strong>02 de novembro de 998<\/strong>, aos membros de sua abadia que, todo ano, naquele dia, dedicariam suas ora\u00e7\u00f5es \u00e0 alma daqueles que j\u00e1 se foram.<\/span><\/p>\n<p><span style=\"font-family: arial, helvetica, sans-serif; color: #000000;\">Esta ideia de Odilo resgatava um dos elementos principais da cosmovis\u00e3o cat\u00f3lica: a perspectiva de que boa parte das almas dos mortos est\u00e1 no Purgat\u00f3rio, passando por um processo de purifica\u00e7\u00e3o para que possam ascender ao Para\u00edso.<\/span><\/p>\n<p><span style=\"font-family: arial, helvetica, sans-serif; color: #000000;\"><strong>Atualmente o dia dos finados, \u00e9 adotado em diversas religi\u00f5es e culturas, como um dia para lembrarmos dos amigos queridos e familiares, como uma forma de homenage\u00e1-los, com flores, velas, celebra\u00e7\u00f5es religiosas, familiares e culturais no Brasil e no mundo todo.<\/strong><\/span><\/p>\n<p><span style=\"font-family: arial, helvetica, sans-serif; color: #000000;\">Veja abaixo como \u00e9 comemorada esta data t\u00e3o especial pelas fam\u00edlias no mundo afora:<\/span><\/p>\n<h2><strong><span style=\"font-family: arial, helvetica, sans-serif; color: #000000;\">Mexico<\/span><\/strong><\/h2>\n<p><span style=\"font-family: arial, helvetica, sans-serif; color: #000000;\">Uma das celebra\u00e7\u00f5es anuais mais populares do M\u00e9xico \u2014 conhecida como \u201cD\u00eda de los Muertos\u201d, ou Dia dos Mortos \u2014 est\u00e1 ganhando presen\u00e7a constante em muitas partes dos Estados Unidos, gra\u00e7as principalmente \u00e0 popula\u00e7\u00e3o hisp\u00e2nica do pa\u00eds.<\/span><\/p>\n<p><span style=\"font-family: arial, helvetica, sans-serif; color: #000000;\">No Dia dos Mortos, as fam\u00edlias homenageiam os entes queridos falecidos com piqueniques ao lado da sepultura e vig\u00edlias de ora\u00e7\u00e3o que atravessam a madrugada. <\/span><\/p>\n<p><span style=\"font-family: arial, helvetica, sans-serif; color: #000000;\">As l\u00e1pides e os altares privados s\u00e3o decorados com velas, cal\u00eandulas, cr\u00e2nios com cobertura de a\u00e7\u00facar e os alimentos ou bens favoritos do falecido.<\/span><\/p>\n<h2><strong><span style=\"font-family: arial, helvetica, sans-serif; color: #000000;\">EUA<\/span><\/strong><\/h2>\n<p><span style=\"font-family: arial, helvetica, sans-serif; color: #000000;\">All Souls\u2019 Day (Dia de Todas as Almas), os americanos celebram o dia dos mortos n\u00e3o apenas em um dia, os eventos pelo Dia dos Mortos iniciam no dia 31 de outubro(dia das Bruxas, famoso halloween) a 2 de novembro, com festivais e desfiles adicionando cor e energia \u00e0s comemora\u00e7\u00f5es.<\/span><\/p>\n<p><span style=\"font-family: arial, helvetica, sans-serif; color: #000000;\"><strong>Espanha<\/strong><\/span><\/p>\n<p><span style=\"font-family: arial, helvetica, sans-serif; color: #000000;\">A celebra\u00e7\u00e3o do &#8220;Dia de Todos os Santos&#8221; (1\u00ba de novembro) serve para honrar santos e m\u00e1rtires. A exemplo do Brasil, as pessoas visitam os parentes mortos em cemit\u00e9rios e levam flores e velas.<\/span><\/p>\n<h2><strong><span style=\"font-family: arial, helvetica, sans-serif; color: #000000;\">Jap\u00e3o<\/span><\/strong><\/h2>\n<p><span style=\"font-family: arial, helvetica, sans-serif; color: #000000;\">A data \u00e9 chamada de Obon e ocorre entre julho e agosto dependendo do calend\u00e1rio lunar. Ancestrais s\u00e3o reverenciados em dan\u00e7as e m\u00fasicas, t\u00famulos s\u00e3o limpos e lanternas s\u00e3o acessas para guiar os mortos ao c\u00e9u.<\/span><\/p>\n<p><span style=\"font-family: arial, helvetica, sans-serif; color: #000000;\">Guatemala Raias gigantescas s\u00e3o exibidas no Dia de Todos os Santos (1\u00ba de novembro). Cada pipa representa a alma de um morto. <\/span><\/p>\n<p><span style=\"font-family: arial, helvetica, sans-serif; color: #000000;\">Nas ruas, os papagaios decoram os c\u00e9us, as l\u00e1pides s\u00e3o coloridas.<\/span><\/p>\n<h2><strong><span style=\"font-family: arial, helvetica, sans-serif; color: #000000;\">Bol\u00edvia<\/span><\/strong><\/h2>\n<p><span style=\"font-family: arial, helvetica, sans-serif; color: #000000;\">Ocorre no dia 9 de novembro, o agradecimento pela prote\u00e7\u00e3o dos mortos \u00e9 feita por meio de presentes como \u00e1lcool e folhas de coca. <\/span><\/p>\n<p><span style=\"font-family: arial, helvetica, sans-serif; color: #000000;\">Os bolivianos tamb\u00e9m vestem as caveiras de seus parentes com roupas.<\/span><\/p>\n<h2><strong><span style=\"font-family: arial, helvetica, sans-serif; color: #000000;\">Peru<\/span><\/strong><\/h2>\n<p><span style=\"font-family: arial, helvetica, sans-serif; color: #000000;\">O Dia de Finados \u00e9 comemorado no dia 1\u00ba de novembro, a exemplo dos mexicanos, as pessoas pintam os rostos de caveira. <\/span><\/p>\n<p><span style=\"font-family: arial, helvetica, sans-serif; color: #000000;\">O curioso \u00e9 que elas festejam a data saindo \u00e0s ruas de bicicleta em homenagem aos mortos.<\/span><\/p>\n<h2><strong><span style=\"font-family: arial, helvetica, sans-serif; color: #000000;\">China<\/span><\/strong><\/h2>\n<p><span style=\"font-family: arial, helvetica, sans-serif; color: #000000;\">A data \u00e9 reverenciada no dia 5 de abril, marcada pela ida aos cemit\u00e9rios, onde s\u00e3o realizados piqueniques em meio a enfeites com flores e coroas. <\/span><\/p>\n<p><span style=\"font-family: arial, helvetica, sans-serif; color: #000000;\">O objetivo \u00e9 celebrar a continuidade da vida ap\u00f3s a morte.<\/span><\/p>\n<p>&nbsp;<\/p>\n<p><span style=\"font-family: arial, helvetica, sans-serif; color: #000000;\">Fique por dentro de todas as culturas, dia dos finados no Brasil e no mundo \u00e1 fora, acelere seu aprendizado, comece o <a style=\"color: #000000;\" href=\"https:\/\/www.eacprime.com\/\"><strong><span style=\"color: #0000ff;\">curso de ingl\u00eas em imers\u00e3o<\/span><\/strong><\/a>, e seja fluente em 8 meses, venha aprender de forma r\u00e1pida e din\u00e2mica, <span style=\"color: #0000ff;\"><strong><a style=\"color: #0000ff;\" href=\"https:\/\/www.eacprime.com\/\">clique aqui<\/a> <\/strong><\/span>e saiba como.<\/span><\/p>\n","protected":false},"excerpt":{"rendered":"<p>Dia dos finados no mundo, no ultimo dia 02 e Novembro comemoramos no Brasil o dia dos finados! Quem ai j\u00e1 n\u00e3o perdeu um ente querido n\u00e3o \u00e9 mesmo? Ter um dia exclusivo para eles, com celebra\u00e7\u00f5es religiosas, familiares, com direito a visita ao cemit\u00e9rio. O Dia de Finados \u00e9 lembrado por v\u00e1rios pa\u00edses, que [&hellip;]<\/p>\n","protected":false},"author":1,"featured_media":541,"comment_status":"closed","ping_status":"closed","sticky":false,"template":"","format":"standard","meta":{"footnotes":""},"categories":[1],"tags":[],"class_list":["post-1903","post","type-post","status-publish","format-standard","has-post-thumbnail","hentry","category-ingles-em-imersao"],"_links":{"self":[{"href":"https:\/\/eacprime.com\/blog\/wp-json\/wp\/v2\/posts\/1903","targetHints":{"allow":["GET"]}}],"collection":[{"href":"https:\/\/eacprime.com\/blog\/wp-json\/wp\/v2\/posts"}],"about":[{"href":"https:\/\/eacprime.com\/blog\/wp-json\/wp\/v2\/types\/post"}],"author":[{"embeddable":true,"href":"https:\/\/eacprime.com\/blog\/wp-json\/wp\/v2\/users\/1"}],"replies":[{"embeddable":true,"href":"https:\/\/eacprime.com\/blog\/wp-json\/wp\/v2\/comments?post=1903"}],"version-history":[{"count":1,"href":"https:\/\/eacprime.com\/blog\/wp-json\/wp\/v2\/posts\/1903\/revisions"}],"predecessor-version":[{"id":120635,"href":"https:\/\/eacprime.com\/blog\/wp-json\/wp\/v2\/posts\/1903\/revisions\/120635"}],"wp:featuredmedia":[{"embeddable":true,"href":"https:\/\/eacprime.com\/blog\/wp-json\/wp\/v2\/media\/541"}],"wp:attachment":[{"href":"https:\/\/eacprime.com\/blog\/wp-json\/wp\/v2\/media?parent=1903"}],"wp:term":[{"taxonomy":"category","embeddable":true,"href":"https:\/\/eacprime.com\/blog\/wp-json\/wp\/v2\/categories?post=1903"},{"taxonomy":"post_tag","embeddable":true,"href":"https:\/\/eacprime.com\/blog\/wp-json\/wp\/v2\/tags?post=1903"}],"curies":[{"name":"wp","href":"https:\/\/api.w.org\/{rel}","templated":true}]}}