{"id":1929,"date":"2020-12-11T20:00:43","date_gmt":"2020-12-11T23:00:43","guid":{"rendered":"https:\/\/eacprime.jessicarsb.com.br\/index.php\/2020\/12\/11\/https-www-eacprime-com-profissoes-em-alta-para-2021\/"},"modified":"2026-04-23T21:53:15","modified_gmt":"2026-04-23T21:53:15","slug":"profissoes-em-alta-para-2021","status":"publish","type":"post","link":"https:\/\/eacprime.com\/blog\/profissoes-em-alta-para-2021\/","title":{"rendered":"Profiss\u00f5es em alta para 2021"},"content":{"rendered":"<p><span style=\"font-family: arial, helvetica, sans-serif;\">Profiss\u00f5es em alta para 2021, \u00e9 necess\u00e1rio muita aten\u00e7\u00e3o e pesquisa na escolha da profiss\u00e3o certa, pois \u00e9 um dos passos mais importantes de sua vida. <\/span><\/p>\n<p><span style=\"font-family: arial, helvetica, sans-serif;\">Muitas pessoas sofrem influencia familiar, mas nem sempre \u00e9 realmente a profiss\u00e3o que deseja alcan\u00e7ar, por isso, pense, e pesquise. <\/span><\/p>\n<p><span style=\"font-family: arial, helvetica, sans-serif;\">Preparamos algumas dicas para\u00a0 as carreiras em alta no mercado de 2021, Acompanhe.<\/span><\/p>\n<p><span style=\"font-family: arial, helvetica, sans-serif;\">As profiss\u00f5es do futuro s\u00e3o aquelas ocupa\u00e7\u00f5es cujas pesquisas apontam grande tend\u00eancia de valoriza\u00e7\u00e3o nos pr\u00f3ximos anos.\u00a0<\/span><\/p>\n<p><span style=\"font-family: arial, helvetica, sans-serif;\">Seja porque h\u00e1 a expectativa de que determinada atividade se torne mais importante ou por surgirem novas empresas de determinado setor, as profiss\u00f5es do futuro indicam quais as \u00e1reas em que haver\u00e1 aumento na busca por profissionais qualificados.<\/span><\/p>\n<p><span style=\"font-family: arial, helvetica, sans-serif;\">De acordo com uma pesquisa publicada pelo<strong><span style=\"color: #3366ff;\"> <a style=\"color: #3366ff;\" href=\"https:\/\/www.fea.usp.br\/programa-de-estudos-do-futuro-profuturo\" target=\"_blank\" rel=\"noopener noreferrer\">Programa de Estudos do Futuro (Profuturo)<\/a><\/span><\/strong>, projeto integrante da Funda\u00e7\u00e3o Instituto de Administra\u00e7\u00e3o, as profiss\u00f5es mais promissoras nos pr\u00f3ximos anos est\u00e3o relacionadas \u00e0s seguintes \u00e1reas:<\/span><\/p>\n<ul>\n<li><span style=\"font-family: arial, helvetica, sans-serif;\">Sa\u00fade<\/span><\/li>\n<li><span style=\"font-family: arial, helvetica, sans-serif;\">Sa\u00fade<\/span><\/li>\n<li><span style=\"font-family: arial, helvetica, sans-serif;\">Tecnologia da Informa\u00e7\u00e3o (TI)<\/span><\/li>\n<li><span style=\"font-family: arial, helvetica, sans-serif;\">Recursos Humanos<\/span><\/li>\n<li><span style=\"font-family: arial, helvetica, sans-serif;\">Marketing e Vendas<\/span><\/li>\n<li><span style=\"font-family: arial, helvetica, sans-serif;\">Direito<\/span><\/li>\n<li><span style=\"font-family: arial, helvetica, sans-serif;\">Sustentabilidade<\/span><\/li>\n<\/ul>\n<h2><span style=\"font-family: arial, helvetica, sans-serif;\"><strong>Outras profiss\u00f5es em alta at\u00e9 2025<\/strong><\/span><\/h2>\n<p><span style=\"font-family: arial, helvetica, sans-serif;\">Confira a lista de profiss\u00f5es promissoras feita com base em levantamento realizado a partir de pesquisas de tend\u00eancias:<\/span><\/p>\n<ul>\n<li><span style=\"font-family: arial, helvetica, sans-serif;\">Desenvolvedor de Software<\/span><\/li>\n<li><span style=\"font-family: arial, helvetica, sans-serif;\">Especialista em Experi\u00eancia do Usu\u00e1rio\/Cliente<\/span><\/li>\n<li><span style=\"font-family: arial, helvetica, sans-serif;\">Profissional de Marketing Digital<\/span><\/li>\n<li><span style=\"font-family: arial, helvetica, sans-serif;\">Profissional de Direito Digital<\/span><\/li>\n<li><span style=\"font-family: arial, helvetica, sans-serif;\">Analista de Big Data<\/span><\/li>\n<li><span style=\"font-family: arial, helvetica, sans-serif;\">Gestor de Comunidade<\/span><\/li>\n<li><span style=\"font-family: arial, helvetica, sans-serif;\">Engenheiro Ambiental<\/span><\/li>\n<li><span style=\"font-family: arial, helvetica, sans-serif;\">Engenheiro Hospitalar<\/span><\/li>\n<li><span style=\"font-family: arial, helvetica, sans-serif;\">Profissional de Seguran\u00e7a da Informa\u00e7\u00e3o<\/span><\/li>\n<li><span style=\"font-family: arial, helvetica, sans-serif;\">Gestor de Res\u00edduos<\/span><\/li>\n<li><span style=\"font-family: arial, helvetica, sans-serif;\">Arquiteto e Engenheiro 3D<\/span><\/li>\n<li><span style=\"font-family: arial, helvetica, sans-serif;\">Desenvolvedor de Dispositivos Wearables<\/span><\/li>\n<li><span style=\"font-family: arial, helvetica, sans-serif;\">Consultor de Imagem<\/span><\/li>\n<li><span style=\"font-family: arial, helvetica, sans-serif;\">Gestor de Inova\u00e7\u00e3o<\/span><\/li>\n<li><span style=\"font-family: arial, helvetica, sans-serif;\">Geneticista<\/span><\/li>\n<li><span style=\"font-family: arial, helvetica, sans-serif;\">Gestor de Talentos<\/span><\/li>\n<li><span style=\"font-family: arial, helvetica, sans-serif;\">Representante de Vendas Internas<\/span><\/li>\n<li><span style=\"font-family: arial, helvetica, sans-serif;\">Especialista em e-Commerce<\/span><\/li>\n<li><span style=\"font-family: arial, helvetica, sans-serif;\">Profissional de Sa\u00fade Mental<\/span><\/li>\n<li><span style=\"font-family: arial, helvetica, sans-serif;\">Profissional de Medicina Geri\u00e1trica<\/span><\/li>\n<li><span style=\"font-family: arial, helvetica, sans-serif;\">Especialista em Energias Renov\u00e1veis<\/span><\/li>\n<li><span style=\"font-family: arial, helvetica, sans-serif;\">Gestor Financeiro<\/span><\/li>\n<\/ul>\n<p><span style=\"font-family: arial, helvetica, sans-serif;\"><strong>Na hora de escolher qual carreira deseja seguir, Junqueira aconselha que voc\u00ea se fa\u00e7a essas quatro perguntas:<\/strong><\/span><\/p>\n<p><span style=\"font-family: arial, helvetica, sans-serif;\">1 &#8211; \u201cO que eu sou bom em fazer?\u201d<\/span><br \/>\n<span style=\"font-family: arial, helvetica, sans-serif;\">2 &#8211;\u00a0\u201cO que o mundo precisa?\u201d<\/span><br \/>\n<span style=\"font-family: arial, helvetica, sans-serif;\">3 &#8211;\u00a0\u201cO que eu gosto?\u201d<\/span><br \/>\n<span style=\"font-family: arial, helvetica, sans-serif;\">4 &#8211;\u00a0\u201cO que as pessoas pagariam para eu fazer?\u201d<\/span><\/p>\n<p><span style=\"font-family: arial, helvetica, sans-serif;\">A partir disso, ser\u00e1 mais f\u00e1cil decidir em qual carreira ingressar.<\/span><\/p>\n<p><span style=\"font-family: arial, helvetica, sans-serif;\">Uma dica fundamental para uma carreira de sucesso, \u00e9 dominar a l\u00edngua inglesa pode auxiliar a alavancar a carreira de diferentes maneiras, e isso \u00e9 levado bastante em conta no momento da decis\u00e3o em um processo seletivo, sem contar que os sal\u00e1rios desses profissionais tamb\u00e9m costumam ser maiores, quando comparados a outros com a mesma forma\u00e7\u00e3o, mesmas habilidades e tempo de experi\u00eancia semelhante.<\/span><\/p>\n<p><span style=\"font-family: arial, helvetica, sans-serif;\">No Brasil, muitas empresa\u00a0buscam profissionais\u00a0que dominem o idioma por necessidades reais ou perspectivas futuras nos neg\u00f3cios das companhias. <\/span><\/p>\n<p><span style=\"font-family: arial, helvetica, sans-serif;\">\u00c0s vezes, o uso nem \u00e9 imediato, mas o candidato que domina a l\u00edngua tem, na vis\u00e3o dos recrutadores, um maior conhecimento de mundo e viv\u00eancia cultural<\/span><\/p>\n<p><span style=\"font-family: arial, helvetica, sans-serif;\">N\u00e3o perca mais tempo, corra para <a href=\"https:\/\/www.eacprime.com\/\"><span style=\"color: #0000ff;\"><strong>EAC Personnalit\u00e9<\/strong><\/span><\/a>, e adquira sua flu\u00eancia em 8 meses. <\/span><\/p>\n<p><span style=\"font-family: arial, helvetica, sans-serif;\">Aulas com os melhores profissionais, aprenda de forma r\u00e1pida e segura!<\/span><\/p>\n","protected":false},"excerpt":{"rendered":"<p>Profiss\u00f5es em alta para 2021, \u00e9 necess\u00e1rio muita aten\u00e7\u00e3o e pesquisa na escolha da profiss\u00e3o certa, pois \u00e9 um dos passos mais importantes de sua vida. Muitas pessoas sofrem influencia familiar, mas nem sempre \u00e9 realmente a profiss\u00e3o que deseja alcan\u00e7ar, por isso, pense, e pesquise. Preparamos algumas dicas para\u00a0 as carreiras em alta no [&hellip;]<\/p>\n","protected":false},"author":1,"featured_media":593,"comment_status":"closed","ping_status":"closed","sticky":false,"template":"","format":"standard","meta":{"footnotes":""},"categories":[1238],"tags":[],"class_list":["post-1929","post","type-post","status-publish","format-standard","has-post-thumbnail","hentry","category-profissoes"],"_links":{"self":[{"href":"https:\/\/eacprime.com\/blog\/wp-json\/wp\/v2\/posts\/1929","targetHints":{"allow":["GET"]}}],"collection":[{"href":"https:\/\/eacprime.com\/blog\/wp-json\/wp\/v2\/posts"}],"about":[{"href":"https:\/\/eacprime.com\/blog\/wp-json\/wp\/v2\/types\/post"}],"author":[{"embeddable":true,"href":"https:\/\/eacprime.com\/blog\/wp-json\/wp\/v2\/users\/1"}],"replies":[{"embeddable":true,"href":"https:\/\/eacprime.com\/blog\/wp-json\/wp\/v2\/comments?post=1929"}],"version-history":[{"count":2,"href":"https:\/\/eacprime.com\/blog\/wp-json\/wp\/v2\/posts\/1929\/revisions"}],"predecessor-version":[{"id":151707,"href":"https:\/\/eacprime.com\/blog\/wp-json\/wp\/v2\/posts\/1929\/revisions\/151707"}],"wp:featuredmedia":[{"embeddable":true,"href":"https:\/\/eacprime.com\/blog\/wp-json\/wp\/v2\/media\/593"}],"wp:attachment":[{"href":"https:\/\/eacprime.com\/blog\/wp-json\/wp\/v2\/media?parent=1929"}],"wp:term":[{"taxonomy":"category","embeddable":true,"href":"https:\/\/eacprime.com\/blog\/wp-json\/wp\/v2\/categories?post=1929"},{"taxonomy":"post_tag","embeddable":true,"href":"https:\/\/eacprime.com\/blog\/wp-json\/wp\/v2\/tags?post=1929"}],"curies":[{"name":"wp","href":"https:\/\/api.w.org\/{rel}","templated":true}]}}