{"id":1945,"date":"2021-01-06T22:23:04","date_gmt":"2021-01-07T01:23:04","guid":{"rendered":"https:\/\/eacprime.jessicarsb.com.br\/index.php\/2021\/01\/06\/https-www-eacprime-com-por-que-viajar-para-a-costa-rica\/"},"modified":"2026-04-23T21:53:08","modified_gmt":"2026-04-23T21:53:08","slug":"por-que-viajar-para-a-costa-rica","status":"publish","type":"post","link":"https:\/\/eacprime.com\/blog\/por-que-viajar-para-a-costa-rica\/","title":{"rendered":"Por que viajar para a Costa Rica?"},"content":{"rendered":"<p><span style=\"font-family: arial, helvetica, sans-serif; color: #000000;\">Viajar para a Costa Rica, um pais onde o nome j\u00e1 diz tudo, A <a style=\"color: #000000;\" href=\"https:\/\/pt.wikipedia.org\/wiki\/Costa_Rica\" target=\"_blank\" rel=\"noopener\">Costa Rica<\/a>. \u00c8 um pais \u201cRico\u201d em belezas, diversidades culturais, economia e educa\u00e7\u00e3o.<\/span><\/p>\n<p><span style=\"font-family: arial, helvetica, sans-serif; color: #000000;\">A Costa Rica obteve sua independ\u00eancia no dia 15 de setembro de 1821, passando a integrar a Federa\u00e7\u00e3o Centro-Americana. <\/span><\/p>\n<p><span style=\"font-family: arial, helvetica, sans-serif; color: #000000;\">A Ex-col\u00f4nia espanhola, somente em 1938 se tornou Rep\u00fablica independente.<\/span><\/p>\n<p><span style=\"font-family: arial, helvetica, sans-serif; color: #000000;\">Viajar para a costa rica \u00e9 uma bela escolha, a Costa Rica \u00e9 um pa\u00eds da Am\u00e9rica Central, cujo territ\u00f3rio \u00e9 banhado pelo oceano Pac\u00edfico (a oeste) e pelo mar do Caribe (a leste), al\u00e9m de fazer fronteiras com o Panam\u00e1 (ao sul) e com a Nicar\u00e1gua (ao norte).<\/span><\/p>\n<p><span style=\"font-family: arial, helvetica, sans-serif; color: #000000;\">Listamos algumas curiosidades sobre a Costa Rica, para que vc conhe\u00e7a um pouco mais desta cultura hist\u00f3rica:<\/span><\/p>\n<h2><span style=\"font-family: arial, helvetica, sans-serif; color: #000000;\"><strong>Geografia:<\/strong><\/span><\/h2>\n<p><span style=\"font-family: arial, helvetica, sans-serif; color: #000000;\">O territ\u00f3rio da Costa Rica \u00e9 dividido internamente em prov\u00edncias, mais precisamente sete, s\u00e3o elas: Guanacaste, Alajuela, Heredia, Cartago, San Jos\u00e9, Lim\u00f3n e Puntarenas, al\u00e9m de outras subdivis\u00f5es em 81 cant\u00f5es e 463 distritos. <\/span><\/p>\n<p><span style=\"font-family: arial, helvetica, sans-serif; color: #000000;\">\u00c1rea territorial: 51.100 km2. Popula\u00e7\u00e3o: 4.5 milh\u00f5es de habitantes. IDH (\u00cdndice de Desenvolvimento Humano): 0,725 (alto).<\/span><\/p>\n<p><span style=\"font-family: arial, helvetica, sans-serif; color: #000000;\">A \u00e1rea ocupada pelo pa\u00eds \u00e9 constitu\u00edda por cordilheiras que cruzam o territ\u00f3rio de noroeste para sudeste, paralelamente \u00e0s plan\u00edcies costeiras.<\/span><\/p>\n<h2><span style=\"font-family: arial, helvetica, sans-serif; color: #000000;\"><strong>Capital: <\/strong><\/span><\/h2>\n<h2><strong><span style=\"font-family: arial, helvetica, sans-serif; color: #000000;\">San Jos\u00e9.<\/span><\/strong><\/h2>\n<p><span style=\"font-family: arial, helvetica, sans-serif; color: #000000;\"><strong><br \/>\nL\u00edngua oficial:<\/strong><\/span><\/p>\n<p><span style=\"font-family: arial, helvetica, sans-serif; color: #000000;\">Castelhano.<\/span><\/p>\n<p><span style=\"font-family: arial, helvetica, sans-serif; color: #000000;\"><strong>Moeda:<\/strong><\/span><\/p>\n<p><span style=\"font-family: arial, helvetica, sans-serif; color: #000000;\">col\u00f3n costa \u2013 riquenho.<\/span><\/p>\n<h2><strong><span style=\"font-family: arial, helvetica, sans-serif; color: #000000;\">Economia:<\/span><\/strong><\/h2>\n<p><span style=\"font-family: arial, helvetica, sans-serif; color: #000000;\">O cultivo do caf\u00e9, \u00e9 a base da economia costa-riquenha, a Costa Rica produz alguns dos melhores caf\u00e9s do mundo. <\/span><\/p>\n<p><span style=\"font-family: arial, helvetica, sans-serif; color: #000000;\">Nos \u00faltimos anos, vem ganhado destaque no mundo, pelas produ\u00e7\u00f5es de banana, que, s\u00e3o o segundo mais importante produto de exporta\u00e7\u00e3o, com vastas planta\u00e7\u00f5es que cobrem partes das terras baixas do Caribe.<\/span><\/p>\n<p><span style=\"font-family: arial, helvetica, sans-serif; color: #000000;\">H\u00e1 tamb\u00e9m muitas terras dedicadas ao cultivo de abacaxi, cana-de-a\u00e7\u00facar, laranja, arroz, madeira e plantas ornamentais, bem como a cria\u00e7\u00e3o de gado para carne e latic\u00ednios.<\/span><\/p>\n<p><span style=\"font-family: arial, helvetica, sans-serif; color: #000000;\">\u00c9 claro que, al\u00e9m da agricultura, o turismo desempenha um papel important\u00edssimo na economia do pa\u00eds, sendo que atividade tur\u00edstica cresce a cada dia, oferecendo novas oportunidades de emprego e estimulando ainda mais a conserva\u00e7\u00e3o da biodiversidade complexa da Costa Rica.<\/span><\/p>\n<h2><span style=\"font-family: arial, helvetica, sans-serif; color: #000000;\"><strong>Clima:<\/strong><\/span><\/h2>\n<p><span style=\"font-family: arial, helvetica, sans-serif; color: #000000;\">O clima \u00e9 muito agrad\u00e1vel, n\u00e3o s\u00f3 durante a esta\u00e7\u00e3o seca, que se estende de dezembro a abril, mas tamb\u00e9m durante a esta\u00e7\u00e3o chuvosa, que vai de maio a novembro.. O clima tropical gostoso tem uma temperatura m\u00e9dia de 22 graus Celsius, que aumenta consideravelmente nas \u00e1reas costeiras.<\/span><\/p>\n<h2><span style=\"font-family: arial, helvetica, sans-serif; color: #000000;\"><strong>Gastronomia:<\/strong><\/span><\/h2>\n<p><span style=\"font-family: arial, helvetica, sans-serif; color: #000000;\">A Costa Rica tem muito a ver com o Brasil, um dos pratos mais tradicionais de l\u00e1 \u00e9 o\u00a0<em>Gallo Pinto<\/em>, forma a qual eles chamam o arroz com feij\u00e3o preto. <\/span><\/p>\n<p><span style=\"font-family: arial, helvetica, sans-serif; color: #000000;\">S\u00f3 que eles comem essa refei\u00e7\u00e3o no caf\u00e9 da manh\u00e3. \u00a0Para acompanhar, eles consomem esse prato geralmente com natilla (creme azedo), ovos mexidos e banana frita.<\/span><\/p>\n<p><span style=\"font-family: arial, helvetica, sans-serif; color: #000000;\">Mas eles tamb\u00e9m levam o arroz e feij\u00e3o preto para o almo\u00e7o, combinando com carnes, vegetais, queijo e tortillas de milho, chamando essas refei\u00e7\u00f5es de\u00a0<em>casados<\/em>. <\/span><\/p>\n<p><span style=\"font-family: arial, helvetica, sans-serif; color: #000000;\">Para a sobremesa, o arroz-doce \u00e9 uma das mais populares e eles chamam de\u00a0<em>arroz con leche<\/em>.<\/span><\/p>\n<h2><strong><span style=\"font-family: arial, helvetica, sans-serif; color: #000000;\">Outras \u00a0curiosidades:<\/span><\/strong><\/h2>\n<ul>\n<li><span style=\"font-family: arial, helvetica, sans-serif; color: #000000;\">A Costa Rica \u00e9 um pa\u00eds cat\u00f3lico, mas garante a liberdade de religi\u00e3o;<\/span><\/li>\n<li><span style=\"font-family: arial, helvetica, sans-serif; color: #000000;\">Na costa do Atl\u00e2ntico, do lado do Caribe, a maioria da popula\u00e7\u00e3o \u00e9 descendente de ra\u00edzes africanas, como a Jamaica, e fala espanhol, ingl\u00eas e dialetos locais;<\/span><\/li>\n<li><span style=\"font-family: arial, helvetica, sans-serif; color: #000000;\">As sete prov\u00edncias s\u00e3o: San Jos\u00e9, Alajuela, Heredia, Cartago, Guanacaste, Puntarenas e Limon;<\/span><\/li>\n<li><span style=\"font-family: arial, helvetica, sans-serif; color: #000000;\">O Vulc\u00e3o Po\u00e1s tem a segunda maior cratera do mundo e o Arenal \u00e9 um dos dez vulc\u00f5es mais ativos do mundo;<\/span><\/li>\n<li><span style=\"font-family: arial, helvetica, sans-serif; color: #000000;\">Apesar de a Costa Rica ter a sua pr\u00f3pria moeda (o c\u00f3lon), muitos pre\u00e7os de lojas est\u00e3o em d\u00f3lar, que tamb\u00e9m \u00e9 aceito.<\/span><\/li>\n<li><span style=\"font-family: arial, helvetica, sans-serif; color: #000000;\">Os costa-riquenhos se autodenominam como Ticos e Ticas;<\/span><\/li>\n<li><span style=\"font-family: arial, helvetica, sans-serif; color: #000000;\">No territ\u00f3rio da Costa Rica existem mais de 130 esp\u00e9cies de peixes, 220 de r\u00e9pteis, mil borboletas (10% de borboletas do mundo est\u00e3o na Costa Rica!), nove mil esp\u00e9cies de plantas, vinte mil esp\u00e9cies de aranhas e 34 mil esp\u00e9cies de insetos;<\/span><\/li>\n<li><span style=\"font-family: arial, helvetica, sans-serif; color: #000000;\">A m\u00e9dia da expectativa de vida \u00e9 de 78 anos, uma das mais altas do mundo;<\/span><\/li>\n<li><span style=\"font-family: arial, helvetica, sans-serif; color: #000000;\">O pa\u00eds tem uma taxa de alfabetiza\u00e7\u00e3o de 96%. Em \u00e1reas pobres e rurais, onde as crian\u00e7as n\u00e3o podem chegar a escolas, eles podem acompanhar aulas pelo r\u00e1dio;<\/span><\/li>\n<li><span style=\"font-family: arial, helvetica, sans-serif; color: #000000;\">O pa\u00eds \u00e9 uma escolha bastante popular para os expatriados norte-americanos que querem se aposentar nos tr\u00f3picos e curtir a vida;<\/span><\/li>\n<\/ul>\n<p>&nbsp;<\/p>\n<p><span style=\"font-family: arial, helvetica, sans-serif; color: #000000;\"><strong>Quer conhecer de perto esses pais ricos em historia e cheio de atrativos? Comece o <a style=\"color: #000000;\" href=\"https:\/\/www.eacprime.com\/\">curso de ingl\u00eas em imers\u00e3o<\/a>, e seja fluente em ingl\u00eas, a l\u00edngua universal do mundo.<\/strong><\/span><\/p>\n","protected":false},"excerpt":{"rendered":"<p>Viajar para a Costa Rica, um pais onde o nome j\u00e1 diz tudo, A Costa Rica. \u00c8 um pais \u201cRico\u201d em belezas, diversidades culturais, economia e educa\u00e7\u00e3o. A Costa Rica obteve sua independ\u00eancia no dia 15 de setembro de 1821, passando a integrar a Federa\u00e7\u00e3o Centro-Americana. A Ex-col\u00f4nia espanhola, somente em 1938 se tornou Rep\u00fablica [&hellip;]<\/p>\n","protected":false},"author":1,"featured_media":609,"comment_status":"closed","ping_status":"closed","sticky":false,"template":"","format":"standard","meta":{"footnotes":""},"categories":[1],"tags":[],"class_list":["post-1945","post","type-post","status-publish","format-standard","has-post-thumbnail","hentry","category-ingles-em-imersao"],"_links":{"self":[{"href":"https:\/\/eacprime.com\/blog\/wp-json\/wp\/v2\/posts\/1945","targetHints":{"allow":["GET"]}}],"collection":[{"href":"https:\/\/eacprime.com\/blog\/wp-json\/wp\/v2\/posts"}],"about":[{"href":"https:\/\/eacprime.com\/blog\/wp-json\/wp\/v2\/types\/post"}],"author":[{"embeddable":true,"href":"https:\/\/eacprime.com\/blog\/wp-json\/wp\/v2\/users\/1"}],"replies":[{"embeddable":true,"href":"https:\/\/eacprime.com\/blog\/wp-json\/wp\/v2\/comments?post=1945"}],"version-history":[{"count":1,"href":"https:\/\/eacprime.com\/blog\/wp-json\/wp\/v2\/posts\/1945\/revisions"}],"predecessor-version":[{"id":120656,"href":"https:\/\/eacprime.com\/blog\/wp-json\/wp\/v2\/posts\/1945\/revisions\/120656"}],"wp:featuredmedia":[{"embeddable":true,"href":"https:\/\/eacprime.com\/blog\/wp-json\/wp\/v2\/media\/609"}],"wp:attachment":[{"href":"https:\/\/eacprime.com\/blog\/wp-json\/wp\/v2\/media?parent=1945"}],"wp:term":[{"taxonomy":"category","embeddable":true,"href":"https:\/\/eacprime.com\/blog\/wp-json\/wp\/v2\/categories?post=1945"},{"taxonomy":"post_tag","embeddable":true,"href":"https:\/\/eacprime.com\/blog\/wp-json\/wp\/v2\/tags?post=1945"}],"curies":[{"name":"wp","href":"https:\/\/api.w.org\/{rel}","templated":true}]}}