{"id":1947,"date":"2021-01-12T02:21:23","date_gmt":"2021-01-12T05:21:23","guid":{"rendered":"https:\/\/eacprime.jessicarsb.com.br\/index.php\/2021\/01\/12\/https-www-eacprime-com-capital-do-chocolate\/"},"modified":"2026-04-23T21:53:07","modified_gmt":"2026-04-23T21:53:07","slug":"suica","status":"publish","type":"post","link":"https:\/\/eacprime.com\/blog\/suica\/","title":{"rendered":"Su\u00ed\u00e7a: Curiosidade sobre a Capital do Chocolate!"},"content":{"rendered":"<p><span style=\"font-family: arial, helvetica, sans-serif; color: #000000;\">Su\u00ed\u00e7a, a famosa capital do chocolate, n\u00e3o \u00e9 novidade que os chocolates su\u00ed\u00e7os est\u00e3o entre os melhores do planeta. <\/span><\/p>\n<p><span style=\"font-family: arial, helvetica, sans-serif; color: #000000;\">Neste ano, Zurique, maior cidade da Su\u00ed\u00e7a, recebe o sal\u00e3o do chocolate no come\u00e7o de abril.<\/span><\/p>\n<p><span style=\"font-family: arial, helvetica, sans-serif; color: #000000;\">\u00c9 quando se re\u00fanem pequenos e grandes produtores do pa\u00eds para mostrar seus melhores e variados chocolates.<\/span><\/p>\n<p><span style=\"font-family: arial, helvetica, sans-serif; color: #000000;\">Durante o resto do ano, numerosas lojas de Zurique, como Confiserie Honold, Confiserie Baumann ou Confiserie Spr\u00fcngli, vendem todo tipo de chocolate e produtos derivados.<\/span><\/p>\n<p><span style=\"font-family: arial, helvetica, sans-serif; color: #000000;\">A Su\u00ed\u00e7a \u00e9 um dos menores pa\u00edses da Europa e tamb\u00e9m um dos mais lindos, suas montanhas, vales, lagos e cidades s\u00e3o consideradas as mais charmosas do continente. <\/span><\/p>\n<p><span style=\"font-family: arial, helvetica, sans-serif; color: #000000;\">\u00c9 dif\u00edcil explicar, mas existem v\u00e1rias Su\u00ed\u00e7as dentro da Su\u00ed\u00e7a. Isso porque o pa\u00eds sofreu influ\u00eancias culturais e sociais de muitos dos seus vizinhos.<\/span><\/p>\n<p><span style=\"font-family: arial, helvetica, sans-serif; color: #000000;\">Um exemplo disto \u00e9 Zurique, a capital da Su\u00ed\u00e7a, localizada na parte alem\u00e3 do pa\u00eds. <\/span><\/p>\n<p><span style=\"font-family: arial, helvetica, sans-serif; color: #000000;\">Aqui voc\u00ea ir\u00e1 encontrar uma arquitetura centen\u00e1rio e muito bem preservada. Visite o centro hist\u00f3rico e n\u00e3o deixe de experimentar um delicioso chocolate quente.<\/span><\/p>\n<p><span style=\"font-family: arial, helvetica, sans-serif; color: #000000;\">Conhe\u00e7a a Su\u00ed\u00e7a com a Gold Trip e visite o Lago de Zurique, um lugar ideal para passeios e para olhar a cidade de um forma diferente.<\/span><\/p>\n<p><span style=\"font-family: arial, helvetica, sans-serif; color: #000000;\">Resumindo, a Su\u00ed\u00e7a \u00e9 um destino que re\u00fane \u00f3tima gastronomia, muita cultura e lindas paisagens. Conhe\u00e7a a Su\u00ed\u00e7a com a Gold Trip Turismo e descubra o cora\u00e7\u00e3o da Europa.<\/span><\/p>\n<h2><span style=\"font-family: arial, helvetica, sans-serif; color: #000000;\"><strong>Clima<\/strong>:<\/span><\/h2>\n<p><span style=\"font-family: arial, helvetica, sans-serif; color: #000000;\">O clima na Su\u00ed\u00e7a passa por mudan\u00e7as bem mais dr\u00e1sticas entre as quatro esta\u00e7\u00f5es do ano do que estamos acostumados a ver no Brasil. <\/span><\/p>\n<p><span style=\"font-family: arial, helvetica, sans-serif; color: #000000;\">O frio do inverno \u00e9 o mais impactante, ainda mais nas regi\u00f5es montanhosas, de altitude elevada. <\/span><\/p>\n<p><span style=\"font-family: arial, helvetica, sans-serif; color: #000000;\">Em geral, voc\u00ea pode esperar encontrar uma m\u00e9dia de 10\u00baC ao longo do ano, mas atente-se \u00e0 \u00e9poca do ano de sua viagem para poder levar roupas adequadas!<\/span><\/p>\n<h2><span style=\"font-family: arial, helvetica, sans-serif; color: #000000;\"><strong>Habitantes:<\/strong><\/span><\/h2>\n<p><span style=\"font-family: arial, helvetica, sans-serif; color: #000000;\">A popula\u00e7\u00e3o su\u00ed\u00e7a \u00e9 de aproximadamente 8,5 milh\u00f5es de habitantes.<\/span><\/p>\n<h2><span style=\"font-family: arial, helvetica, sans-serif; color: #000000;\"><strong>Geografia:<\/strong><\/span><\/h2>\n<p><span style=\"font-family: arial, helvetica, sans-serif; color: #000000;\">A Su\u00ed\u00e7a \u00e9 um\u00a0<a style=\"color: #000000;\" href=\"https:\/\/pt.wikipedia.org\/wiki\/Lista_de_pa%C3%ADses_sem_costa_mar%C3%ADtima\" target=\"_blank\" rel=\"noopener\">pa\u00eds sem costa mar\u00edtima<\/a>\u00a0cujo territ\u00f3rio \u00e9 dividido geograficamente entre o\u00a0<a style=\"color: #000000;\" href=\"https:\/\/pt.wikipedia.org\/wiki\/Jura_(cordilheira)\" target=\"_blank\" rel=\"noopener\">Jura<\/a>, o Planalto Su\u00ed\u00e7o e os\u00a0<a style=\"color: #000000;\" href=\"https:\/\/pt.wikipedia.org\/wiki\/Alpes\" target=\"_blank\" rel=\"noopener\">Alpes<\/a>, somando uma \u00e1rea de 41\u00a0285\u00a0km\u00b2. <\/span><\/p>\n<p><span style=\"font-family: arial, helvetica, sans-serif; color: #000000;\">Concentra-se principalmente no planalto, onde est\u00e3o localizadas as maiores cidades do pa\u00eds.<\/span><\/p>\n<p><span style=\"font-family: arial, helvetica, sans-serif; color: #000000;\">Entre elas est\u00e3o as duas\u00a0<a style=\"color: #000000;\" href=\"https:\/\/pt.wikipedia.org\/wiki\/Cidade_global\" target=\"_blank\" rel=\"noopener\">cidades globais<\/a>\u00a0e centros econ\u00f3micos de\u00a0<a style=\"color: #000000;\" href=\"https:\/\/pt.wikipedia.org\/wiki\/Zurique\" target=\"_blank\" rel=\"noopener\">Zurique<\/a>\u00a0e\u00a0<a style=\"color: #000000;\" href=\"https:\/\/pt.wikipedia.org\/wiki\/Genebra\" target=\"_blank\" rel=\"noopener\">Genebra<\/a>. <\/span><\/p>\n<p><span style=\"font-family: arial, helvetica, sans-serif; color: #000000;\">A Su\u00ed\u00e7a \u00e9 um dos\u00a0<a style=\"color: #000000;\" href=\"https:\/\/pt.wikipedia.org\/wiki\/Lista_de_pa%C3%ADses_por_PIB_(Paridade_do_Poder_de_Compra)\" target=\"_blank\" rel=\"noopener\">pa\u00edses mais ricos<\/a>\u00a0do mundo relativamente ao\u00a0<a style=\"color: #000000;\" href=\"https:\/\/pt.wikipedia.org\/wiki\/PIB\" target=\"_blank\" rel=\"noopener\">PIB<\/a>\u00a0<a style=\"color: #000000;\" href=\"https:\/\/pt.wikipedia.org\/wiki\/Per_capita\" target=\"_blank\" rel=\"noopener\"><em>per capita<\/em><\/a> calculado em 75\u00a0835 d\u00f3lares americanos em 2011.\u00a0<\/span><\/p>\n<p><span style=\"font-family: arial, helvetica, sans-serif; color: #000000;\">Zurique e Genebra foram classificadas como as cidades com melhor\u00a0<a style=\"color: #000000;\" href=\"https:\/\/pt.wikipedia.org\/wiki\/Qualidade_de_vida\" target=\"_blank\" rel=\"noopener\">qualidade de vida<\/a>\u00a0no mundo, estando em segundo e terceiro lugar respectivamente.<\/span><\/p>\n<h2><strong><span style=\"font-family: arial, helvetica, sans-serif; color: #000000;\">L\u00edngua, moeda e fuso hor\u00e1rio:<\/span><\/strong><\/h2>\n<p><span style=\"font-family: arial, helvetica, sans-serif; color: #000000;\">Apesar de algumas exig\u00eancias, como a da cobertura do seguro, serem feitas em euros, a moeda utilizada \u00e9 o franco su\u00ed\u00e7o. Quanto \u00e0 linguagem, a dominante \u00e9 o alem\u00e3o, principalmente o dialeto su\u00ed\u00e7o desta l\u00edngua.<\/span><\/p>\n<p><span style=\"font-family: arial, helvetica, sans-serif; color: #000000;\">Predomina na regi\u00e3o central e norte do pa\u00eds. O franc\u00eas e o italiano s\u00e3o muito falados nas fronteiras com os respectivos pa\u00edses! Ent\u00e3o se estiver mais ao sul, pode esperar mais italianos, e mais franceses ao oeste.<\/span><\/p>\n<p><span style=\"font-family: arial, helvetica, sans-serif; color: #000000;\">O fuso hor\u00e1rio \u00e9 apenas um, conhecido como Hora Central Europeia, ou UTC+1, enquanto o brasil se encontra entre os fusos UTC-5 e UTC-2. <\/span><\/p>\n<p><span style=\"font-family: arial, helvetica, sans-serif; color: #000000;\">Ou seja, quem sai do Brasil pode ver uma diferen\u00e7a de 3 a 6 horas, dependendo de qual for sua origem. Em S\u00e3o Paulo, essa diferen\u00e7a \u00e9 de 4 horas.<\/span><\/p>\n<h2><span style=\"font-family: arial, helvetica, sans-serif; color: #000000;\"><strong>Gastronomia:<\/strong><\/span><\/h2>\n<p><span style=\"font-family: arial, helvetica, sans-serif; color: #000000;\">A\u00a0culin\u00e1ria da Su\u00ed\u00e7a\u00a0\u00e9 o conjunto de pratos, produtos, doces e pr\u00e1ticas culin\u00e1rias tradicionais da\u00a0<a style=\"color: #000000;\" href=\"https:\/\/pt.wikipedia.org\/wiki\/Su%C3%AD%C3%A7a\" target=\"_blank\" rel=\"noopener\">Su\u00ed\u00e7a<\/a>. <\/span><\/p>\n<p><span style=\"font-family: arial, helvetica, sans-serif; color: #000000;\">\u00c9 grandemente influenciada pelos pa\u00edses geograficamente vizinhos e culturalmente pr\u00f3ximos, como a\u00a0<a style=\"color: #000000;\" href=\"https:\/\/pt.wikipedia.org\/wiki\/Culin%C3%A1ria_da_Fran%C3%A7a\" target=\"_blank\" rel=\"noopener\">Fran\u00e7a<\/a>, a\u00a0<a style=\"color: #000000;\" href=\"https:\/\/pt.wikipedia.org\/wiki\/Culin%C3%A1ria_da_Alemanha\" target=\"_blank\" rel=\"noopener\">Alemanha<\/a>, a\u00a0<a style=\"color: #000000;\" href=\"https:\/\/pt.wikipedia.org\/wiki\/Culin%C3%A1ria_da_It%C3%A1lia\" target=\"_blank\" rel=\"noopener\">It\u00e1lia<\/a>, a\u00a0<a style=\"color: #000000;\" href=\"https:\/\/pt.wikipedia.org\/wiki\/%C3%81ustria\" target=\"_blank\" rel=\"noopener\">\u00c1ustria<\/a>\u00a0e\u00a0<a style=\"color: #000000;\" href=\"https:\/\/pt.wikipedia.org\/wiki\/Lichtenstein\" target=\"_blank\" rel=\"noopener\">Lichtenstein<\/a>.<sup><a style=\"color: #000000;\" href=\"https:\/\/pt.wikipedia.org\/wiki\/Culin%C3%A1ria_da_Su%C3%AD%C3%A7a#cite_note-1\" target=\"_blank\" rel=\"noopener\">[1]<\/a><\/sup><a style=\"color: #000000;\" href=\"https:\/\/pt.wikipedia.org\/wiki\/Culin%C3%A1ria_da_Su%C3%AD%C3%A7a#cite_note-Correio-2\" target=\"_blank\" rel=\"noopener\"><sup>[2]<\/sup><\/a><\/span><\/p>\n<p><span style=\"font-family: arial, helvetica, sans-serif; color: #000000;\">Os primeiros relatos conhecidos de desenvolvimento de uma culin\u00e1ria tradicionalmente\u00a0<a style=\"color: #000000;\" href=\"https:\/\/pt.wikipedia.org\/wiki\/Su%C3%AD%C3%A7a\" target=\"_blank\" rel=\"noopener\">Su\u00ed\u00e7a<\/a>\u00a0se deram no\u00a0<a style=\"color: #000000;\" href=\"https:\/\/pt.wikipedia.org\/wiki\/S%C3%A9culo_XII\" target=\"_blank\" rel=\"noopener\">S\u00e9culo XII<\/a>\u00a0ao\u00a0<a style=\"color: #000000;\" href=\"https:\/\/pt.wikipedia.org\/wiki\/S%C3%A9culo_XIV\" target=\"_blank\" rel=\"noopener\">S\u00e9culo XIV<\/a>, com o in\u00edcio da produ\u00e7\u00e3o do\u00a0<a style=\"color: #000000;\" href=\"https:\/\/pt.wikipedia.org\/wiki\/Emmentaler_(queijo)\" target=\"_blank\" rel=\"noopener\">queijo Ementaler<\/a>\u00a0por pequenos agricultores e fazendeiros na regi\u00e3o de\u00a0<em>Emmental<\/em>\u00a0em\u00a0<a style=\"color: #000000;\" href=\"https:\/\/pt.wikipedia.org\/wiki\/Berna\" target=\"_blank\" rel=\"noopener\">Berna<\/a>.<a style=\"color: #000000;\" href=\"https:\/\/pt.wikipedia.org\/wiki\/Culin%C3%A1ria_da_Su%C3%AD%C3%A7a#cite_note-Globemail1-3\" target=\"_blank\" rel=\"noopener\"><sup>[3]<\/sup><\/a><\/span><\/p>\n<p><span style=\"font-family: arial, helvetica, sans-serif; color: #000000;\">Os principais pratos, ingredientes e pr\u00e1ticas usados na culin\u00e1ria e gastronomia su\u00ed\u00e7a s\u00e3o o\u00a0<a style=\"color: #000000;\" href=\"https:\/\/pt.wikipedia.org\/wiki\/Chocolate_su%C3%AD%C3%A7o\" target=\"_blank\" rel=\"noopener\">chocolate su\u00ed\u00e7o<\/a>, a\u00a0<a style=\"color: #000000;\" href=\"https:\/\/pt.wikipedia.org\/wiki\/Batata\" target=\"_blank\" rel=\"noopener\">batata<\/a>, os\u00a0<a style=\"color: #000000;\" href=\"https:\/\/pt.wikipedia.org\/wiki\/Queijo\" target=\"_blank\" rel=\"noopener\">queijos<\/a>\u00a0e o\u00a0<a style=\"color: #000000;\" href=\"https:\/\/pt.wikipedia.org\/wiki\/Fondue\" target=\"_blank\" rel=\"noopener\">fondue<\/a>.<\/span><\/p>\n<p>&nbsp;<\/p>\n<p><span style=\"font-family: arial, helvetica, sans-serif; color: #000000;\">Quer conhecer de perto esses pais ricos em historia e cheio de atrativos? Comece o <strong><span style=\"color: #0000ff;\"><a style=\"color: #0000ff;\" href=\"https:\/\/www.eacprime.com\/\">curso de ingl\u00eas em imers\u00e3o<\/a>,<\/span><\/strong> e seja fluente em ingl\u00eas, a l\u00edngua universal do mundo.<\/span><\/p>\n","protected":false},"excerpt":{"rendered":"<p>Su\u00ed\u00e7a, a famosa capital do chocolate, n\u00e3o \u00e9 novidade que os chocolates su\u00ed\u00e7os est\u00e3o entre os melhores do planeta. Neste ano, Zurique, maior cidade da Su\u00ed\u00e7a, recebe o sal\u00e3o do chocolate no come\u00e7o de abril. \u00c9 quando se re\u00fanem pequenos e grandes produtores do pa\u00eds para mostrar seus melhores e variados chocolates. Durante o resto [&hellip;]<\/p>\n","protected":false},"author":1,"featured_media":611,"comment_status":"closed","ping_status":"closed","sticky":false,"template":"","format":"standard","meta":{"footnotes":""},"categories":[1],"tags":[],"class_list":["post-1947","post","type-post","status-publish","format-standard","has-post-thumbnail","hentry","category-ingles-em-imersao"],"_links":{"self":[{"href":"https:\/\/eacprime.com\/blog\/wp-json\/wp\/v2\/posts\/1947","targetHints":{"allow":["GET"]}}],"collection":[{"href":"https:\/\/eacprime.com\/blog\/wp-json\/wp\/v2\/posts"}],"about":[{"href":"https:\/\/eacprime.com\/blog\/wp-json\/wp\/v2\/types\/post"}],"author":[{"embeddable":true,"href":"https:\/\/eacprime.com\/blog\/wp-json\/wp\/v2\/users\/1"}],"replies":[{"embeddable":true,"href":"https:\/\/eacprime.com\/blog\/wp-json\/wp\/v2\/comments?post=1947"}],"version-history":[{"count":1,"href":"https:\/\/eacprime.com\/blog\/wp-json\/wp\/v2\/posts\/1947\/revisions"}],"predecessor-version":[{"id":120657,"href":"https:\/\/eacprime.com\/blog\/wp-json\/wp\/v2\/posts\/1947\/revisions\/120657"}],"wp:featuredmedia":[{"embeddable":true,"href":"https:\/\/eacprime.com\/blog\/wp-json\/wp\/v2\/media\/611"}],"wp:attachment":[{"href":"https:\/\/eacprime.com\/blog\/wp-json\/wp\/v2\/media?parent=1947"}],"wp:term":[{"taxonomy":"category","embeddable":true,"href":"https:\/\/eacprime.com\/blog\/wp-json\/wp\/v2\/categories?post=1947"},{"taxonomy":"post_tag","embeddable":true,"href":"https:\/\/eacprime.com\/blog\/wp-json\/wp\/v2\/tags?post=1947"}],"curies":[{"name":"wp","href":"https:\/\/api.w.org\/{rel}","templated":true}]}}