{"id":1968,"date":"2021-01-28T12:00:18","date_gmt":"2021-01-28T15:00:18","guid":{"rendered":"https:\/\/eacprime.jessicarsb.com.br\/index.php\/2021\/01\/28\/https-www-eacprime-com-ilha-de-malta\/"},"modified":"2026-04-23T21:52:58","modified_gmt":"2026-04-23T21:52:58","slug":"ilha-de-malta","status":"publish","type":"post","link":"https:\/\/eacprime.com\/blog\/ilha-de-malta\/","title":{"rendered":"Conhe\u00e7a a linda Ilha de Malta!"},"content":{"rendered":"<p><span style=\"font-family: arial, helvetica, sans-serif;\">Ilha de Malta, o pa\u00eds (\u00e9 um dos menores do mundo) fica no Mediterr\u00e2neo, 90 quil\u00f4metros abaixo da Sic\u00edliaApesar do reduzido tamanho, Malta \u00e9 um encanto que agrada aos mais variados p\u00fablicos. <\/span><\/p>\n<p><span style=\"font-family: arial, helvetica, sans-serif;\">Enquanto Valletta \u00e9 o centro log\u00edstico, comercial e tur\u00edstico do pa\u00eds, o agito e a vida noturna animada est\u00e1 em lugares como Saint Julian e Silema.<\/span><\/p>\n<p><span style=\"font-family: arial, helvetica, sans-serif;\">Na bela Mdina os ares s\u00e3o outros, mais contemplativos, assim como a ilha de Gozo (Ghawdex), tranquila e de rico passado.<\/span><\/p>\n<p>&nbsp;<\/p>\n<p><span style=\"font-family: arial, helvetica, sans-serif;\"><strong>Popula\u00e7\u00e3o:\u00a0<\/strong>410.000 habitantes.<\/span><\/p>\n<p><span style=\"font-family: arial, helvetica, sans-serif;\"><strong>Fuso hor\u00e1rio:\u00a0<\/strong>4h (hor\u00e1rio de Bras\u00edlia)<\/span><\/p>\n<p>&nbsp;<\/p>\n<h2><span style=\"font-family: arial, helvetica, sans-serif;\"><strong>Cultura:<\/strong><\/span><\/h2>\n<p><span style=\"font-family: arial, helvetica, sans-serif;\">A cultura maltesa reflete as influ\u00eancias variadas das diversas culturas que a dominaram at\u00e9 1964, particularmente de\u00a0<a href=\"https:\/\/pt.wikipedia.org\/wiki\/It%C3%A1lia\" target=\"_blank\" rel=\"noopener\">It\u00e1lia<\/a>\u00a0e do\u00a0<a href=\"https:\/\/pt.wikipedia.org\/wiki\/Reino_Unido\" target=\"_blank\" rel=\"noopener\">Reino Unido<\/a>. <\/span><\/p>\n<p><span style=\"font-family: arial, helvetica, sans-serif;\">Os costumes, lendas e folclores malteses s\u00e3o estudadas e categorizadas lentamente, como qualquer outra tradi\u00e7\u00e3o europeia. <\/span><\/p>\n<p><span style=\"font-family: arial, helvetica, sans-serif;\">Na catedral de S\u00e3o Jo\u00e3o, constru\u00edda em 1577, pode-se apreciar a tela\u00a0<a href=\"https:\/\/pt.wikipedia.org\/wiki\/Ficheiro:Michelangelo_Caravaggio_021.jpg\" target=\"_blank\" rel=\"noopener\">A Decapita\u00e7\u00e3o de S\u00e3o Jo\u00e3o<\/a>, de\u00a0<a href=\"https:\/\/pt.wikipedia.org\/wiki\/Caravaggio\" target=\"_blank\" rel=\"noopener\">Caravaggio<\/a>, que viveu alguns meses na ilha, mas foi expulso sob acusa\u00e7\u00e3o de homic\u00eddio.<\/span><\/p>\n<p><span style=\"font-family: arial, helvetica, sans-serif;\">Na sede do Governo, localizado no antigo Pal\u00e1cio do Gr\u00e3o-Mestre do Armoria, podem-se apreciar mais de 5 mil quadros da\u00a0<a href=\"https:\/\/pt.wikipedia.org\/wiki\/Ordem_Soberana_e_Militar_de_Malta\" target=\"_blank\" rel=\"noopener\">Ordem Soberana e Militar de Malta<\/a>.<\/span><\/p>\n<p><span style=\"font-family: arial, helvetica, sans-serif;\"> Em\u00a0<a href=\"https:\/\/pt.wikipedia.org\/wiki\/Valeta\" target=\"_blank\" rel=\"noopener\">Valeta<\/a>, a capital do pa\u00eds, localiza-se o Museu de Belas Artes, o Museu de Arqueologia, o\u00a0<a href=\"https:\/\/pt.wikipedia.org\/wiki\/Forte_de_Santo_Elmo\" target=\"_blank\" rel=\"noopener\">Forte de Santo Elmo<\/a>\u00a0e Museu da Inquisi\u00e7\u00e3o.<\/span><\/p>\n<p><span style=\"font-family: arial, helvetica, sans-serif;\">O Museu Mar\u00edtimo e o Museu do Grande S\u00edtio de 1565 revelam o passado turbulento das pequenas ilhas. <\/span><\/p>\n<p><span style=\"font-family: arial, helvetica, sans-serif;\">O Museu Nacional da Guerra e do Ref\u00fagio, da\u00a0<a href=\"https:\/\/pt.wikipedia.org\/wiki\/Segunda_Guerra_Mundial\" target=\"_blank\" rel=\"noopener\">Segunda Guerra Mundial<\/a>\u00a0apresenta as informa\u00e7\u00f5es presentes em conflitos mais recentes.<\/span><\/p>\n<p><span style=\"font-family: arial, helvetica, sans-serif;\">As\u00a0<a href=\"https:\/\/pt.wikipedia.org\/wiki\/Discoteca\" target=\"_blank\" rel=\"noopener\">discotecas<\/a>,\u00a0<a href=\"https:\/\/pt.wikipedia.org\/wiki\/Restaurante\" target=\"_blank\" rel=\"noopener\">restaurantes<\/a>\u00a0e clubes noturnos na cidade de\u00a0<a href=\"https:\/\/pt.wikipedia.org\/wiki\/St._Julian%27s\" target=\"_blank\" rel=\"noopener\">St. Julian&#8217;s<\/a>\u00a0est\u00e3o abertas at\u00e9 altas horas da madrugada.<\/span><\/p>\n<p><span style=\"font-family: arial, helvetica, sans-serif;\">Em\u00a0<a href=\"https:\/\/pt.wikipedia.org\/wiki\/Gozo_(ilha)\" target=\"_blank\" rel=\"noopener\">Gozo<\/a>, podem-se apreciar a maioria dos templos\u00a0<a href=\"https:\/\/pt.wikipedia.org\/wiki\/Pr%C3%A9-hist%C3%B3ria\" target=\"_blank\" rel=\"noopener\">pr\u00e9-hist\u00f3ricos<\/a>\u00a0em Malta, considerados como\u00a0<a href=\"https:\/\/pt.wikipedia.org\/wiki\/Patrim%C3%B3nio_Mundial\" target=\"_blank\" rel=\"noopener\">patrim\u00f3nios mundiais<\/a>\u00a0pela\u00a0<a href=\"https:\/\/pt.wikipedia.org\/wiki\/UNESCO\" target=\"_blank\" rel=\"noopener\">UNESCO<\/a><\/span><\/p>\n<p><span style=\"font-family: arial, helvetica, sans-serif;\"><strong>\u00a0<\/strong><\/span><\/p>\n<h2><span style=\"font-family: arial, helvetica, sans-serif;\"><strong>Educa\u00e7\u00e3o:<\/strong><\/span><\/h2>\n<p><span style=\"font-family: arial, helvetica, sans-serif;\">Os la\u00e7os do pa\u00eds com o ingl\u00eas, aliado aos altos padr\u00f5es de educa\u00e7\u00e3o, fazem de Malta um dos principais destinos da Europa para o aprendizado da l\u00edngua. <\/span><\/p>\n<p><span style=\"font-family: arial, helvetica, sans-serif;\">De grandes franquias a centros de ensino mais intimistas, h\u00e1 escolas para todos os tipos de estudo.<\/span><\/p>\n<p><span style=\"font-family: arial, helvetica, sans-serif;\">A maioria oferece op\u00e7\u00f5es de cursos particulares intensivos, que podem ser adaptados \u00e0s suas necessidades. <\/span><\/p>\n<p><span style=\"font-family: arial, helvetica, sans-serif;\">Mas as aulas coletivas, por sua vez, s\u00e3o geralmente pequenas, com uma m\u00e9dia de 10 estudantes em sala, dando mais liberdade aos professores para se dedicarem aos alunos.<\/span><\/p>\n<p><span style=\"font-family: arial, helvetica, sans-serif;\">Durante as aulas, a \u00fanica l\u00edngua permitida \u00e9 o ingl\u00eas, e tudo \u00e9 estruturado para que o estudante desenvolva as habilidades de escrita, leitura, fala e entendimento do ingl\u00eas. <\/span><\/p>\n<p><span style=\"font-family: arial, helvetica, sans-serif;\">Ao final do curso, todos os estudantes recebem um certificado.<\/span><\/p>\n<p><span style=\"font-family: arial, helvetica, sans-serif;\"><strong>\u00a0<\/strong><\/span><\/p>\n<h2><span style=\"font-family: arial, helvetica, sans-serif;\"><strong>Gastronomia:<\/strong><\/span><\/h2>\n<p><span style=\"font-family: arial, helvetica, sans-serif;\">A gastronomia \u00e9 derivada de malteses e espanh\u00f3is que t\u00eam governado o arquip\u00e9lago. A fus\u00e3o de sabores deu \u00e0 cozinha de Malta um sabor distinto dentro da cozinha mediterr\u00e2nea. <\/span><\/p>\n<p><span style=\"font-family: arial, helvetica, sans-serif;\">Embora tenha muitos pratos originais, muitas receitas tamb\u00e9m t\u00eam uma forte influ\u00eancia da culin\u00e1ria\u00a0<a href=\"https:\/\/pt.wikipedia.org\/wiki\/It%C3%A1lia\" target=\"_blank\" rel=\"noopener\">italiana<\/a>\u00a0(especialmente da\u00a0<a href=\"https:\/\/pt.wikipedia.org\/wiki\/Sic%C3%ADlia\" target=\"_blank\" rel=\"noopener\">Sic\u00edlia<\/a>) e\u00a0<a href=\"https:\/\/pt.wikipedia.org\/wiki\/Turquia\" target=\"_blank\" rel=\"noopener\">turca<\/a>. Alguns pratos tipicamente malteses s\u00e3o o\u00a0<em>biz-fiir zejt<\/em>,\u00a0<em>gbejniet<\/em>,\u00a0<em>pastizzi<\/em>\u00a0e\u00a0<em>Ross il-Forn<\/em>.<\/span><\/p>\n<p><span style=\"font-family: arial, helvetica, sans-serif;\"><strong>\u00a0<\/strong><\/span><\/p>\n<h2><span style=\"font-family: arial, helvetica, sans-serif;\"><strong>Moeda:<\/strong><\/span><\/h2>\n<p><span style=\"font-family: arial, helvetica, sans-serif;\">Euro.<\/span><\/p>\n<p>&nbsp;<\/p>\n<h2><span style=\"font-family: arial, helvetica, sans-serif;\"><strong>Idioma:<\/strong><\/span><\/h2>\n<p><span style=\"font-family: arial, helvetica, sans-serif;\">As duas l\u00ednguas oficiais s\u00e3o o malt\u00eas e o ingl\u00eas, mas dois ter\u00e7os da sua popula\u00e7\u00e3o s\u00e3o capazes de entender o italiano, que foi o idioma oficial e cultural do pa\u00eds at\u00e9 1934. <\/span><\/p>\n<p><span style=\"font-family: arial, helvetica, sans-serif;\">A partir deste ano, seu uso diminuiu devido \u00e0 influ\u00eancia brit\u00e2nica.<\/span><\/p>\n<p><span style=\"font-family: arial, helvetica, sans-serif;\">Desde os anos 60, Malta recebe por sat\u00e9lite o sinal de v\u00e1rias emissoras de televis\u00e3o e r\u00e1dios italianas, o que trouxe consigo um &#8220;reaparecimento&#8221; do idioma. <\/span><\/p>\n<p><span style=\"font-family: arial, helvetica, sans-serif;\">Os festivais locais, similares aos do sul da It\u00e1lia, s\u00e3o comuns, celebrando batismos e dias de santos.<\/span><\/p>\n<p>&nbsp;<\/p>\n<p><span style=\"font-family: arial, helvetica, sans-serif;\">Vai viajar ou trabalhar fora do Brasil? Venha Para <span style=\"color: #0000ff;\"><strong><a style=\"color: #0000ff;\" href=\"https:\/\/www.eacprime.com\/\">EAC Personnalit\u00e9<\/a><\/strong><\/span> e esteja preparado para tudo! Um curso completo com prepara\u00e7\u00e3o de acordo com seu objetivo.<\/span><\/p>\n","protected":false},"excerpt":{"rendered":"<p>Ilha de Malta, o pa\u00eds (\u00e9 um dos menores do mundo) fica no Mediterr\u00e2neo, 90 quil\u00f4metros abaixo da Sic\u00edliaApesar do reduzido tamanho, Malta \u00e9 um encanto que agrada aos mais variados p\u00fablicos. Enquanto Valletta \u00e9 o centro log\u00edstico, comercial e tur\u00edstico do pa\u00eds, o agito e a vida noturna animada est\u00e1 em lugares como Saint [&hellip;]<\/p>\n","protected":false},"author":1,"featured_media":629,"comment_status":"closed","ping_status":"closed","sticky":false,"template":"","format":"standard","meta":{"footnotes":""},"categories":[1],"tags":[],"class_list":["post-1968","post","type-post","status-publish","format-standard","has-post-thumbnail","hentry","category-ingles-em-imersao"],"_links":{"self":[{"href":"https:\/\/eacprime.com\/blog\/wp-json\/wp\/v2\/posts\/1968","targetHints":{"allow":["GET"]}}],"collection":[{"href":"https:\/\/eacprime.com\/blog\/wp-json\/wp\/v2\/posts"}],"about":[{"href":"https:\/\/eacprime.com\/blog\/wp-json\/wp\/v2\/types\/post"}],"author":[{"embeddable":true,"href":"https:\/\/eacprime.com\/blog\/wp-json\/wp\/v2\/users\/1"}],"replies":[{"embeddable":true,"href":"https:\/\/eacprime.com\/blog\/wp-json\/wp\/v2\/comments?post=1968"}],"version-history":[{"count":1,"href":"https:\/\/eacprime.com\/blog\/wp-json\/wp\/v2\/posts\/1968\/revisions"}],"predecessor-version":[{"id":120666,"href":"https:\/\/eacprime.com\/blog\/wp-json\/wp\/v2\/posts\/1968\/revisions\/120666"}],"wp:featuredmedia":[{"embeddable":true,"href":"https:\/\/eacprime.com\/blog\/wp-json\/wp\/v2\/media\/629"}],"wp:attachment":[{"href":"https:\/\/eacprime.com\/blog\/wp-json\/wp\/v2\/media?parent=1968"}],"wp:term":[{"taxonomy":"category","embeddable":true,"href":"https:\/\/eacprime.com\/blog\/wp-json\/wp\/v2\/categories?post=1968"},{"taxonomy":"post_tag","embeddable":true,"href":"https:\/\/eacprime.com\/blog\/wp-json\/wp\/v2\/tags?post=1968"}],"curies":[{"name":"wp","href":"https:\/\/api.w.org\/{rel}","templated":true}]}}