{"id":2000,"date":"2021-02-24T23:00:55","date_gmt":"2021-02-25T02:00:55","guid":{"rendered":"https:\/\/eacprime.jessicarsb.com.br\/index.php\/2021\/02\/24\/https-www-eacprime-com-carnaval-nos-eua\/"},"modified":"2026-04-23T21:52:48","modified_gmt":"2026-04-23T21:52:48","slug":"carnaval-nos-eua","status":"publish","type":"post","link":"https:\/\/eacprime.com\/blog\/carnaval-nos-eua\/","title":{"rendered":"Carnaval nos EUA"},"content":{"rendered":"<p><span style=\"font-family: arial, helvetica, sans-serif;\">Carnaval nos Eua, recentemente no Brasil, o feriado foi suspenso devido a pandemia, afim de evitar aglomera\u00e7\u00e3o de pessoas e o contagio com o COVD-19, nada melhor do que conhecermos um pouco da cultura que nos cerca a respeito desta data, \u00a0nesta \u00e9poca do ano, fa\u00e7a neve ou fa\u00e7a sol, foli\u00f5es tamb\u00e9m existem e resistem em muitos outros pa\u00edses.<\/span><\/p>\n<p><span style=\"font-family: arial, helvetica, sans-serif;\">Acompanhe o Carnaval nos eua entre outros pa\u00edses:<\/span><\/p>\n<h3><span style=\"font-family: arial, helvetica, sans-serif;\"><strong>Col\u00f4mbia<\/strong><\/span><\/h3>\n<p><span style=\"font-family: arial, helvetica, sans-serif;\">A a festa realizada entre os dias 22 e 25 de fevereiro em\u00a0Barranquilla, al\u00e9m de ser considerada a segunda maior do mundo, foi declarada Patrim\u00f4nio Cultural Imaterial pela Unesco em 2003.<\/span><\/p>\n<p><span style=\"font-family: arial, helvetica, sans-serif;\">Com cerca de dois milh\u00f5es de habitantes, a cidade portu\u00e1ria coloca milhares de turistas e moradores locais para dan\u00e7ar ao ritmo de muito congo, cumbia, entre outras m\u00fasicas folcl\u00f3ricas. <\/span><\/p>\n<p><span style=\"font-family: arial, helvetica, sans-serif;\">Outro ponto forte da festa \u00e9 a Batalha de Flores, tradicional desfile de carros aleg\u00f3ricos cobertos de flores que acontece desde 1902.<\/span><\/p>\n<h3><span style=\"font-family: arial, helvetica, sans-serif;\"><strong><br \/>\nArgentina<\/strong><\/span><\/h3>\n<p><span style=\"font-family: arial, helvetica, sans-serif;\">Em\u00a0Buenos Aires, do in\u00edcio de fevereiro \u00e0 primeira semana de mar\u00e7o, ruas de bairros como Palermo e San Telmo recebem as apresenta\u00e7\u00f5es de \u201cmurgas\u201d e \u201ccorsos\u201d, grupos que desfilam com o apoio de bandas de percuss\u00e3o.<\/span><\/p>\n<h3><span style=\"font-family: arial, helvetica, sans-serif;\"><strong>Fran\u00e7a<\/strong><\/span><\/h3>\n<p><span style=\"font-family: arial, helvetica, sans-serif;\">A folia na Fran\u00e7a realizada entre os dias 15 e 29 de fevereiro, atrai mais de um milh\u00e3o de pessoas todos os anos. Isso porque as suas ruas se tornam palco de um festival com direito a carros aleg\u00f3ricos, bonecos gigantes de papel mach\u00ea e pessoas fantasiadas. H\u00e1 cor e poesia em cada esquina da cidade.<\/span><\/p>\n<h3><span style=\"font-family: arial, helvetica, sans-serif;\"><strong><br \/>\nPortugal<\/strong><\/span><\/h3>\n<p><span style=\"font-family: arial, helvetica, sans-serif;\"><strong><br \/>\n<\/strong>Em\u00a0Lisboa, por exemplo, al\u00e9m de carnaval de rua com bloquinhos e muita gente fantasiada, as casas noturnas tamb\u00e9m entram no clima. <\/span><\/p>\n<p><span style=\"font-family: arial, helvetica, sans-serif;\">No s\u00e1bado de Carnaval, o sal\u00e3o do Pal\u00e1cio Nacional de Queluz, localizado a cerca de 20 minutos da capital portuguesa, se transforma em um grande baile que celebra o esp\u00edrito carnavalesco do s\u00e9culo 18, com direito a ateli\u00ea de m\u00e1scaras e m\u00fasicas de \u00e9poca.<\/span><\/p>\n<h3><span style=\"font-family: arial, helvetica, sans-serif;\"><strong>EUA<\/strong><\/span><\/h3>\n<p><span style=\"font-family: arial, helvetica, sans-serif;\">Realizado anualmente no segundo ou terceiro domingo de mar\u00e7o, a folia de l\u00e1 tem forte influ\u00eancia cubana. Por isso, nos quarteir\u00f5es onde a festa acontece, al\u00e9m de poderem se deliciar com gastronomia t\u00edpica, os festeiros escutam muita salsa, tango, jazz latino e rumba.<\/span><\/p>\n<h3><span style=\"font-family: arial, helvetica, sans-serif;\"><strong>R\u00fassia<\/strong><\/span><\/h3>\n<p><span style=\"font-family: arial, helvetica, sans-serif;\">A folia por l\u00e1 acontece entre os dias 24 de fevereiro e 1\u00ba de mar\u00e7o. Nas ruas de\u00a0Moscou, principalmente no entorno da emblem\u00e1tica Catedral de S\u00e3o Bas\u00edlio, a festa pag\u00e3 \u00e9 uma homenagem \u00e0 chegada da primavera.<\/span><\/p>\n<p><span style=\"font-family: arial, helvetica, sans-serif;\">Al\u00e9m de desfiles com pessoas fantasiadas, durante a celebra\u00e7\u00e3o consome-se bastante bini, panqueca t\u00edpica da data, drinks \u00e0 base de vodka e tem at\u00e9 patina\u00e7\u00e3o e guerrinha de gelo. Um tanto quanto diferente do nosso Carnaval.\u00a0Maslenitsa, este \u00e9 o nome do Carnaval nos pa\u00edses eslavos.<\/span><\/p>\n<h3><span style=\"font-family: arial, helvetica, sans-serif;\"><strong>Inglaterra<\/strong><\/span><\/h3>\n<p><span style=\"font-family: arial, helvetica, sans-serif;\">Um evento equivalente ao nosso carnaval acontece no bairro de Notting Hill em\u00a0Londres, s\u00f3 que apenas no m\u00eas de agosto. <\/span><\/p>\n<p><span style=\"font-family: arial, helvetica, sans-serif;\">S\u00e3o dois dias de desfile: um no \u00faltimo domingo para as crian\u00e7as e outro na segunda para os adultos.<\/span><\/p>\n<p><span style=\"font-family: arial, helvetica, sans-serif;\">Tradicional, a festa que nasceu como resist\u00eancia \u00e0 discrimina\u00e7\u00e3o sofrida por estrangeiros, atrai milhares de pessoas e tem at\u00e9 desfile aos moldes do carnaval brasileiro.<\/span><\/p>\n<p><span style=\"font-family: arial, helvetica, sans-serif;\">Venha estudar com seguran\u00e7a e qualidade de ensino, estude com a melhor escola de <a href=\"https:\/\/www.eacprime.com\/\">i<span style=\"color: #0000ff;\"><strong>ngl\u00eas online<\/strong><\/span><\/a> venha para EAC Personnalite.<\/span><\/p>\n","protected":false},"excerpt":{"rendered":"<p>Carnaval nos Eua, recentemente no Brasil, o feriado foi suspenso devido a pandemia, afim de evitar aglomera\u00e7\u00e3o de pessoas e o contagio com o COVD-19, nada melhor do que conhecermos um pouco da cultura que nos cerca a respeito desta data, \u00a0nesta \u00e9poca do ano, fa\u00e7a neve ou fa\u00e7a sol, foli\u00f5es tamb\u00e9m existem e resistem [&hellip;]<\/p>\n","protected":false},"author":1,"featured_media":659,"comment_status":"closed","ping_status":"closed","sticky":false,"template":"","format":"standard","meta":{"footnotes":""},"categories":[1],"tags":[],"class_list":["post-2000","post","type-post","status-publish","format-standard","has-post-thumbnail","hentry","category-ingles-em-imersao"],"_links":{"self":[{"href":"https:\/\/eacprime.com\/blog\/wp-json\/wp\/v2\/posts\/2000","targetHints":{"allow":["GET"]}}],"collection":[{"href":"https:\/\/eacprime.com\/blog\/wp-json\/wp\/v2\/posts"}],"about":[{"href":"https:\/\/eacprime.com\/blog\/wp-json\/wp\/v2\/types\/post"}],"author":[{"embeddable":true,"href":"https:\/\/eacprime.com\/blog\/wp-json\/wp\/v2\/users\/1"}],"replies":[{"embeddable":true,"href":"https:\/\/eacprime.com\/blog\/wp-json\/wp\/v2\/comments?post=2000"}],"version-history":[{"count":2,"href":"https:\/\/eacprime.com\/blog\/wp-json\/wp\/v2\/posts\/2000\/revisions"}],"predecessor-version":[{"id":151779,"href":"https:\/\/eacprime.com\/blog\/wp-json\/wp\/v2\/posts\/2000\/revisions\/151779"}],"wp:featuredmedia":[{"embeddable":true,"href":"https:\/\/eacprime.com\/blog\/wp-json\/wp\/v2\/media\/659"}],"wp:attachment":[{"href":"https:\/\/eacprime.com\/blog\/wp-json\/wp\/v2\/media?parent=2000"}],"wp:term":[{"taxonomy":"category","embeddable":true,"href":"https:\/\/eacprime.com\/blog\/wp-json\/wp\/v2\/categories?post=2000"},{"taxonomy":"post_tag","embeddable":true,"href":"https:\/\/eacprime.com\/blog\/wp-json\/wp\/v2\/tags?post=2000"}],"curies":[{"name":"wp","href":"https:\/\/api.w.org\/{rel}","templated":true}]}}