{"id":2037,"date":"2021-09-29T11:46:43","date_gmt":"2021-09-29T14:46:43","guid":{"rendered":"https:\/\/eacprime.jessicarsb.com.br\/index.php\/2021\/09\/29\/https-www-eacprime-com-guia-de-carreiras-2022-vejas-os-principais-paises-com-oportunidades-de-emprego\/"},"modified":"2026-04-23T21:52:37","modified_gmt":"2026-04-23T21:52:37","slug":"guia-de-carreiras-2022-vejas-os-principais-paises","status":"publish","type":"post","link":"https:\/\/eacprime.com\/blog\/guia-de-carreiras-2022-vejas-os-principais-paises\/","title":{"rendered":"Guia de Carreiras 2022 &#8211; Vejas os Principais Pa\u00edses"},"content":{"rendered":"<p><span style=\"font-family: arial, helvetica, sans-serif;\">Guia de Carreiras 2022, voc\u00ea est\u00e1 em busca de oportunidades de emprego no exterior?<\/span><br \/>\n<span style=\"font-family: arial, helvetica, sans-serif;\">Confira abaixo algumas oportunidades para o pr\u00f3ximo ano:<\/span><\/p>\n<h2><span style=\"font-family: arial, helvetica, sans-serif;\"><strong>IRLANDA<\/strong><\/span><\/h2>\n<p><span style=\"font-family: arial, helvetica, sans-serif;\">Com a economia que mais cresce na Uni\u00e3o Europeia, a Irlanda \u00e9 uma \u00f3tima op\u00e7\u00e3o para quem busca emprego no exterior. <\/span><\/p>\n<p><span style=\"font-family: arial, helvetica, sans-serif;\">Trabalhar na Irlanda \u00e9 uma excelente op\u00e7\u00e3o, o pa\u00eds \u00e9 receptivo para estrangeiros, quando comparado a outras pa\u00edses mais tradicionais.<\/span><\/p>\n<p><span style=\"font-family: arial, helvetica, sans-serif;\">Existem muitas oportunidades. Mas voc\u00ea sabe quais s\u00e3o as melhores \u00e1reas para trabalhar na Irlanda?<\/span><\/p>\n<p><span style=\"font-family: arial, helvetica, sans-serif;\">As melhores \u00e1reas para trabalhar s\u00e3o de Tecnologia da Informa\u00e7\u00e3o (TI), qualquer setor de Sa\u00fade e Ci\u00eancia, Farmac\u00eautica, Contabilidade, Transporte e Log\u00edstica, Engenharia, Marketing Digital e Idiomas.<\/span><\/p>\n<h2><span style=\"font-family: arial, helvetica, sans-serif;\"><strong>CANAD\u00c1<\/strong><\/span><\/h2>\n<p><span style=\"font-family: arial, helvetica, sans-serif;\">O Canad\u00e1 est\u00e1 em busca de profissionais qualificados para compensar o d\u00e9ficit de 2020. Por essa raz\u00e3o, o pa\u00eds se prepara para receber at\u00e9 2023 cerca de 1,2 milh\u00f5es de imigrantes, incluindo brasileiros.<\/span><\/p>\n<p><span style=\"font-family: arial, helvetica, sans-serif;\">\u00c9 interessante ressaltar as \u00e1reas com mais demanda no pa\u00eds, sendo nos setores de Sa\u00fade, Tecnologia e Servi\u00e7o Social. E se voc\u00ea pensar na l\u00f3gica do pa\u00eds, essas \u00e1reas s\u00e3o mais valorizadas, pois sa\u00fade e qualidade de vida s\u00e3o prioridades no pa\u00eds.<\/span><\/p>\n<p><span style=\"font-family: arial, helvetica, sans-serif;\">Segundo uma pesquisa realizada no \u00faltimo foram listadas 15 profiss\u00f5es com alta demanda, ideal para quem busca estudar a l\u00edngua e receber um retorno financeiro ao mesmo tempo. Algumas demandas s\u00e3o espec\u00edficas que exigem diploma e forma\u00e7\u00e3o superior. S\u00e3o elas:<\/span><\/p>\n<p><span style=\"font-family: arial, helvetica, sans-serif;\"><strong>Vendedor<\/strong><\/span><br \/>\n<span style=\"font-family: arial, helvetica, sans-serif;\"><strong>Motorista <\/strong><\/span><br \/>\n<span style=\"font-family: arial, helvetica, sans-serif;\"><strong>Recepcionista <\/strong><\/span><br \/>\n<span style=\"font-family: arial, helvetica, sans-serif;\"><strong>Soldador<\/strong><\/span><br \/>\n<span style=\"font-family: arial, helvetica, sans-serif;\"><strong>Desenvolvedor Web <\/strong><\/span><br \/>\n<span style=\"font-family: arial, helvetica, sans-serif;\"><strong>Gerente de Desenvolvimento de Neg\u00f3cios <\/strong><\/span><br \/>\n<span style=\"font-family: arial, helvetica, sans-serif;\"><strong>Trabalhador geral (faz tudo) <\/strong><\/span><br \/>\n<span style=\"font-family: arial, helvetica, sans-serif;\"><strong>Gerente de Projeto <\/strong><\/span><br \/>\n<span style=\"font-family: arial, helvetica, sans-serif;\"><strong>Mec\u00e2nico <\/strong><\/span><br \/>\n<span style=\"font-family: arial, helvetica, sans-serif;\"><strong>Merchandiser<\/strong><\/span><br \/>\n<span style=\"font-family: arial, helvetica, sans-serif;\"><strong>Engenheiro El\u00e9trico <\/strong><\/span><br \/>\n<span style=\"font-family: arial, helvetica, sans-serif;\"><strong>Contador <\/strong><\/span><br \/>\n<span style=\"font-family: arial, helvetica, sans-serif;\"><strong>Gerente de RH<\/strong><\/span><br \/>\n<span style=\"font-family: arial, helvetica, sans-serif;\"><strong>Consultor Financeiro <\/strong><\/span><br \/>\n<span style=\"font-family: arial, helvetica, sans-serif;\"><strong>Enfermeiro<\/strong><\/span><\/p>\n<h2><span style=\"font-family: arial, helvetica, sans-serif;\"><strong>EUA<\/strong><\/span><\/h2>\n<p><span style=\"font-family: arial, helvetica, sans-serif;\">Para quem busca uma oportunidade nos EUA, agora \u00e9 um \u00f3timo momento! Segundo a Secretaria de Estat\u00edsticas de Trabalho do pa\u00eds em junho o n\u00famero de vagas abertas de emprego foram de 10 milh\u00f5es de oportunidades.<\/span><\/p>\n<p><span style=\"font-family: arial, helvetica, sans-serif;\">A presen\u00e7a de brasileiros no mercado de trabalho nos EUA \u00e9 evidente no crescimento de concess\u00e3o de vistos permanentes, entre 2011 e 2020, 132.368 brasileiros receberam vistos.<\/span><\/p>\n<p><span style=\"font-family: arial, helvetica, sans-serif;\">No pa\u00eds h\u00e1 uma car\u00eancia de profissionais na \u00e1rea da sa\u00fade, principalmente de m\u00e9dicos, fisioterapeutas e enfermeiros.<\/span><\/p>\n<p><span style=\"font-family: arial, helvetica, sans-serif;\">Com o aquecimento do mercado, mais empresas buscam por profissionais estrangeiros. <\/span><\/p>\n<p><span style=\"font-family: arial, helvetica, sans-serif;\">Da mesma forma engenheiros na \u00e1rea de \u00f3leo e g\u00e1s e pilotos de avi\u00e3o.<\/span><\/p>\n<p><span style=\"font-family: arial, helvetica, sans-serif;\">Com o mercado aquecido no exterior, n\u00e3o basta apenas falar o ingl\u00eas b\u00e1sico, para ter uma carreira de sucesso o dom\u00ednio da l\u00edngua ser\u00e1 fundamental. <\/span><\/p>\n<p><span style=\"font-family: arial, helvetica, sans-serif;\">Seja fluente em ingl\u00eas e alcance a carreira de sucesso que voc\u00ea sempre sonhou! Estude na melhor escola de ingl\u00eas online, <a href=\"https:\/\/eacprime.com\/\"><strong><span style=\"color: #0000ff;\">EAC Personnalit\u00e9<\/span><\/strong><\/a>, flu\u00eancia em 8 meses.<\/span><\/p>\n","protected":false},"excerpt":{"rendered":"<p>Guia de Carreiras 2022, voc\u00ea est\u00e1 em busca de oportunidades de emprego no exterior? Confira abaixo algumas oportunidades para o pr\u00f3ximo ano: IRLANDA Com a economia que mais cresce na Uni\u00e3o Europeia, a Irlanda \u00e9 uma \u00f3tima op\u00e7\u00e3o para quem busca emprego no exterior. Trabalhar na Irlanda \u00e9 uma excelente op\u00e7\u00e3o, o pa\u00eds \u00e9 receptivo [&hellip;]<\/p>\n","protected":false},"author":1,"featured_media":693,"comment_status":"closed","ping_status":"closed","sticky":false,"template":"","format":"standard","meta":{"footnotes":""},"categories":[1237],"tags":[],"class_list":["post-2037","post","type-post","status-publish","format-standard","has-post-thumbnail","hentry","category-mercado-de-trabalho"],"_links":{"self":[{"href":"https:\/\/eacprime.com\/blog\/wp-json\/wp\/v2\/posts\/2037","targetHints":{"allow":["GET"]}}],"collection":[{"href":"https:\/\/eacprime.com\/blog\/wp-json\/wp\/v2\/posts"}],"about":[{"href":"https:\/\/eacprime.com\/blog\/wp-json\/wp\/v2\/types\/post"}],"author":[{"embeddable":true,"href":"https:\/\/eacprime.com\/blog\/wp-json\/wp\/v2\/users\/1"}],"replies":[{"embeddable":true,"href":"https:\/\/eacprime.com\/blog\/wp-json\/wp\/v2\/comments?post=2037"}],"version-history":[{"count":1,"href":"https:\/\/eacprime.com\/blog\/wp-json\/wp\/v2\/posts\/2037\/revisions"}],"predecessor-version":[{"id":120698,"href":"https:\/\/eacprime.com\/blog\/wp-json\/wp\/v2\/posts\/2037\/revisions\/120698"}],"wp:featuredmedia":[{"embeddable":true,"href":"https:\/\/eacprime.com\/blog\/wp-json\/wp\/v2\/media\/693"}],"wp:attachment":[{"href":"https:\/\/eacprime.com\/blog\/wp-json\/wp\/v2\/media?parent=2037"}],"wp:term":[{"taxonomy":"category","embeddable":true,"href":"https:\/\/eacprime.com\/blog\/wp-json\/wp\/v2\/categories?post=2037"},{"taxonomy":"post_tag","embeddable":true,"href":"https:\/\/eacprime.com\/blog\/wp-json\/wp\/v2\/tags?post=2037"}],"curies":[{"name":"wp","href":"https:\/\/api.w.org\/{rel}","templated":true}]}}