{"id":25945,"date":"2022-11-02T08:48:58","date_gmt":"2022-11-02T11:48:58","guid":{"rendered":"https:\/\/www.eacprime.com\/?p=25945"},"modified":"2026-04-23T21:50:49","modified_gmt":"2026-04-23T21:50:49","slug":"vagas-de-emprego-no-canada-2023-esteja-preparado","status":"publish","type":"post","link":"https:\/\/eacprime.com\/blog\/vagas-de-emprego-no-canada-2023-esteja-preparado\/","title":{"rendered":"Vagas de Emprego no Canad\u00e1 2023 &#8211; Esteja Preparado"},"content":{"rendered":"<p><span style=\"font-family: arial, helvetica, sans-serif; color: #000000;\">Vagas de emprego no canad\u00e1 2023, se voc\u00ea sonha em ter uma carreira internacional no Canad\u00e1, a oportunidade \u00e9 agora! Desde o in\u00edcio deste ano o n\u00famero de vagas de empregos e vagas abertas no pa\u00eds s\u00f3 aumenta: s\u00e3o mais de 915 mil vagas em aberto, segundo o Statistics Canada.\u00a0<\/span><\/p>\n<p><span style=\"font-family: arial, helvetica, sans-serif; color: #000000;\">Alguns segmentos tiveram um aumento mais significativo no n\u00famero de vagas. Entre eles:\u00a0<\/span><\/p>\n<ul>\n<li data-leveltext=\"\uf0b7\" data-font=\"Symbol\" data-listid=\"2\" data-list-defn-props=\"{&quot;335552541&quot;:1,&quot;335559684&quot;:-2,&quot;335559685&quot;:720,&quot;335559991&quot;:360,&quot;469769226&quot;:&quot;Symbol&quot;,&quot;469769242&quot;:[8226],&quot;469777803&quot;:&quot;left&quot;,&quot;469777804&quot;:&quot;\uf0b7&quot;,&quot;469777815&quot;:&quot;hybridMultilevel&quot;}\" aria-setsize=\"-1\" data-aria-posinset=\"1\" data-aria-level=\"1\"><span style=\"font-family: arial, helvetica, sans-serif; color: #000000;\">\u00c1rea da sa\u00fade e assist\u00eancia social \u2013 62 mil vagas\u00a0<\/span><\/li>\n<li data-leveltext=\"\uf0b7\" data-font=\"Symbol\" data-listid=\"2\" data-list-defn-props=\"{&quot;335552541&quot;:1,&quot;335559684&quot;:-2,&quot;335559685&quot;:720,&quot;335559991&quot;:360,&quot;469769226&quot;:&quot;Symbol&quot;,&quot;469769242&quot;:[8226],&quot;469777803&quot;:&quot;left&quot;,&quot;469777804&quot;:&quot;\uf0b7&quot;,&quot;469777815&quot;:&quot;hybridMultilevel&quot;}\" aria-setsize=\"-1\" data-aria-posinset=\"2\" data-aria-level=\"1\"><span style=\"font-family: arial, helvetica, sans-serif; color: #000000;\">\u00c1rea da constru\u00e7\u00e3o civil \u2013 110 mil vagas<\/span><\/li>\n<li data-leveltext=\"\uf0b7\" data-font=\"Symbol\" data-listid=\"2\" data-list-defn-props=\"{&quot;335552541&quot;:1,&quot;335559684&quot;:-2,&quot;335559685&quot;:720,&quot;335559991&quot;:360,&quot;469769226&quot;:&quot;Symbol&quot;,&quot;469769242&quot;:[8226],&quot;469777803&quot;:&quot;left&quot;,&quot;469777804&quot;:&quot;\uf0b7&quot;,&quot;469777815&quot;:&quot;hybridMultilevel&quot;}\" aria-setsize=\"-1\" data-aria-posinset=\"2\" data-aria-level=\"1\"><span style=\"font-family: arial, helvetica, sans-serif; color: #000000;\">Log\u00edstica e suprimento \u2013 122 mil vagas\u00a0<\/span><\/li>\n<\/ul>\n<p><span style=\"font-family: arial, helvetica, sans-serif; color: #000000;\" data-ccp-props=\"{&quot;201341983&quot;:0,&quot;335551550&quot;:6,&quot;335551620&quot;:6,&quot;335559685&quot;:360,&quot;335559739&quot;:160,&quot;335559740&quot;:360}\">\u00a0<\/span><\/p>\n<p><span style=\"font-family: arial, helvetica, sans-serif; color: #000000;\">Essa alta demanda acontece pela falta de profissionais qualificados no pa\u00eds, al\u00e9m de ter sua popula\u00e7\u00e3o entre as mais velhas do mundo, com 18% tendo 65 anos ou mais.\u00a0<\/span><\/p>\n<h3><span style=\"font-family: arial, helvetica, sans-serif; color: #000000;\"><b>Profiss\u00f5es mais procurados no Canad\u00e1 em 2022 e 2023<\/b>\u00a0<\/span><\/h3>\n<ul>\n<li data-leveltext=\"\uf0b7\" data-font=\"Symbol\" data-listid=\"3\" data-list-defn-props=\"{&quot;335552541&quot;:1,&quot;335559684&quot;:-2,&quot;335559685&quot;:720,&quot;335559991&quot;:360,&quot;469769226&quot;:&quot;Symbol&quot;,&quot;469769242&quot;:[8226],&quot;469777803&quot;:&quot;left&quot;,&quot;469777804&quot;:&quot;\uf0b7&quot;,&quot;469777815&quot;:&quot;hybridMultilevel&quot;}\" aria-setsize=\"-1\" data-aria-posinset=\"2\" data-aria-level=\"1\">\n<h4><span style=\"font-family: arial, helvetica, sans-serif; color: #000000;\"><b>Programador<\/b>\u00a0<\/span><\/h4>\n<\/li>\n<\/ul>\n<p><span style=\"font-family: arial, helvetica, sans-serif; color: #000000;\">Um dos empregos mais procurados no Canad\u00e1 \u00e9 a programa\u00e7\u00e3o. Existem v\u00e1rias oportunidades de emprego em Toronto para empregos de tecnologia. \u202f<\/span><\/p>\n<p><span style=\"font-family: arial, helvetica, sans-serif; color: #000000;\">Como programador, voc\u00ea deve ter conhecimento b\u00e1sico de c\u00f3digo de computador e um grande interesse em criar programas e aplicativos para empresas.\u00a0\u00a0<\/span><\/p>\n<p><span style=\"font-family: arial, helvetica, sans-serif; color: #000000;\" data-ccp-props=\"{&quot;134233117&quot;:true,&quot;134233118&quot;:true,&quot;201341983&quot;:0,&quot;335551550&quot;:6,&quot;335551620&quot;:6,&quot;335559685&quot;:360,&quot;335559739&quot;:160,&quot;335559740&quot;:240}\">\u00a0<\/span><\/p>\n<ul>\n<li data-leveltext=\"\uf0b7\" data-font=\"Symbol\" data-listid=\"3\" data-list-defn-props=\"{&quot;335552541&quot;:1,&quot;335559684&quot;:-2,&quot;335559685&quot;:720,&quot;335559991&quot;:360,&quot;469769226&quot;:&quot;Symbol&quot;,&quot;469769242&quot;:[8226],&quot;469777803&quot;:&quot;left&quot;,&quot;469777804&quot;:&quot;\uf0b7&quot;,&quot;469777815&quot;:&quot;hybridMultilevel&quot;}\" aria-setsize=\"-1\" data-aria-posinset=\"1\" data-aria-level=\"1\">\n<h4><span style=\"font-family: arial, helvetica, sans-serif; color: #000000;\"><b>Analista financeiro<\/b>\u00a0<\/span><\/h4>\n<\/li>\n<\/ul>\n<p><span style=\"font-family: arial, helvetica, sans-serif; color: #000000;\">Esta \u00e9 uma profiss\u00e3o com alta demanda no pa\u00eds, isso significa que, se voc\u00ea \u00e9 bom com n\u00fameros, pode considerar o Canad\u00e1 como seu pr\u00f3ximo destino. <\/span><\/p>\n<p><span style=\"font-family: arial, helvetica, sans-serif; color: #000000;\">Toronto \u00e9 conhecida como a capital financeira do Canad\u00e1. Portanto, h\u00e1 necessidade de especialistas financeiros nas grandes institui\u00e7\u00f5es financeiras espalhadas pela cidade grande.\u202f\u00a0<\/span><\/p>\n<p><span style=\"font-family: arial, helvetica, sans-serif; color: #000000;\" data-ccp-props=\"{&quot;201341983&quot;:0,&quot;335551550&quot;:6,&quot;335551620&quot;:6,&quot;335559739&quot;:160,&quot;335559740&quot;:360}\">\u00a0<\/span><\/p>\n<ul>\n<li data-leveltext=\"\uf0b7\" data-font=\"Symbol\" data-listid=\"3\" data-list-defn-props=\"{&quot;335552541&quot;:1,&quot;335559684&quot;:-2,&quot;335559685&quot;:720,&quot;335559991&quot;:360,&quot;469769226&quot;:&quot;Symbol&quot;,&quot;469769242&quot;:[8226],&quot;469777803&quot;:&quot;left&quot;,&quot;469777804&quot;:&quot;\uf0b7&quot;,&quot;469777815&quot;:&quot;hybridMultilevel&quot;}\" aria-setsize=\"-1\" data-aria-posinset=\"1\" data-aria-level=\"1\">\n<h4><span style=\"font-family: arial, helvetica, sans-serif; color: #000000;\"><b>Enfermeira registrada<\/b>\u00a0<\/span><\/h4>\n<\/li>\n<\/ul>\n<p><span style=\"font-family: arial, helvetica, sans-serif; color: #000000;\">Com a pandemia de Covid-19, a enfermeira registrada se tornou um trabalho altamente procurado no Canad\u00e1. <\/span><\/p>\n<p><span style=\"font-family: arial, helvetica, sans-serif; color: #000000;\">Como enfermeira, voc\u00ea pode trabalhar em hospitais, cl\u00ednicas, pronto-socorro, consult\u00f3rios m\u00e9dicos e outras instala\u00e7\u00f5es de sa\u00fade. <\/span><\/p>\n<p><span style=\"font-family: arial, helvetica, sans-serif; color: #000000;\">No entanto, para se qualificar como enfermeira registrada no pa\u00eds, voc\u00ea deve passar no Exame de Enfermeira Registrada Canadense.\u00a0<\/span><\/p>\n<p><span style=\"font-family: arial, helvetica, sans-serif; color: #000000;\" data-ccp-props=\"{&quot;201341983&quot;:0,&quot;335551550&quot;:6,&quot;335551620&quot;:6,&quot;335559739&quot;:160,&quot;335559740&quot;:360}\">\u00a0<\/span><\/p>\n<p><span style=\"font-family: arial, helvetica, sans-serif; color: #000000;\">Vale lembrar que para trabalhar no pa\u00eds, voc\u00ea deve garantir que \u00e9 eleg\u00edvel para trabalhar no Canad\u00e1. <\/span><\/p>\n<p><span style=\"font-family: arial, helvetica, sans-serif; color: #000000;\">Para se qualificar para trabalhar, voc\u00ea deve receber um visto ou permiss\u00e3o de trabalho. Este visto ou permiss\u00e3o de trabalho o tornar\u00e1 empreg\u00e1vel por empregadores canadenses.\u202f\u00a0<\/span><\/p>\n<p><span style=\"font-family: arial, helvetica, sans-serif; color: #000000;\">Sendo o ingl\u00eas uma das l\u00ednguas faladas no Canad\u00e1 e universal, a necessidade de conhecer o idioma \u00e9 de extrema import\u00e2ncia, o que faz com que recrutadores de grandes empresas busquem por profissionais qualificados que tenham flu\u00eancia no ingl\u00eas. <\/span><\/p>\n<p><span style=\"font-family: arial, helvetica, sans-serif; color: #000000;\">Por isso se voc\u00ea deseja morar e trabalhar no Canad\u00e1 e ainda n\u00e3o fala ingl\u00eas, convido voc\u00ea a conhecer a EAC, a \u00fanica escola que garante a flu\u00eancia em ingl\u00eas em 8 meses. <\/span><\/p>\n<p><span style=\"font-family: arial, helvetica, sans-serif; color: #000000;\">Fa\u00e7a parte dos mais de 17 mil alunos formados e conquiste a carreira dos sonhos no Canad\u00e1! <a href=\"https:\/\/eacprime.com\/\"><span style=\"color: #3366ff;\"><strong>Venha para a EAC!\u00a0<\/strong><\/span><\/a><\/span><\/p>\n","protected":false},"excerpt":{"rendered":"<p>Vagas de emprego no canad\u00e1 2023, se voc\u00ea sonha em ter uma carreira internacional no Canad\u00e1, a oportunidade \u00e9 agora! Desde o in\u00edcio deste ano o n\u00famero de vagas de empregos e vagas abertas no pa\u00eds s\u00f3 aumenta: s\u00e3o mais de 915 mil vagas em aberto, segundo o Statistics Canada.\u00a0 Alguns segmentos tiveram um aumento [&hellip;]<\/p>\n","protected":false},"author":1,"featured_media":901,"comment_status":"open","ping_status":"open","sticky":false,"template":"","format":"standard","meta":{"footnotes":""},"categories":[1237],"tags":[],"class_list":["post-25945","post","type-post","status-publish","format-standard","has-post-thumbnail","hentry","category-mercado-de-trabalho"],"_links":{"self":[{"href":"https:\/\/eacprime.com\/blog\/wp-json\/wp\/v2\/posts\/25945","targetHints":{"allow":["GET"]}}],"collection":[{"href":"https:\/\/eacprime.com\/blog\/wp-json\/wp\/v2\/posts"}],"about":[{"href":"https:\/\/eacprime.com\/blog\/wp-json\/wp\/v2\/types\/post"}],"author":[{"embeddable":true,"href":"https:\/\/eacprime.com\/blog\/wp-json\/wp\/v2\/users\/1"}],"replies":[{"embeddable":true,"href":"https:\/\/eacprime.com\/blog\/wp-json\/wp\/v2\/comments?post=25945"}],"version-history":[{"count":1,"href":"https:\/\/eacprime.com\/blog\/wp-json\/wp\/v2\/posts\/25945\/revisions"}],"predecessor-version":[{"id":120802,"href":"https:\/\/eacprime.com\/blog\/wp-json\/wp\/v2\/posts\/25945\/revisions\/120802"}],"wp:featuredmedia":[{"embeddable":true,"href":"https:\/\/eacprime.com\/blog\/wp-json\/wp\/v2\/media\/901"}],"wp:attachment":[{"href":"https:\/\/eacprime.com\/blog\/wp-json\/wp\/v2\/media?parent=25945"}],"wp:term":[{"taxonomy":"category","embeddable":true,"href":"https:\/\/eacprime.com\/blog\/wp-json\/wp\/v2\/categories?post=25945"},{"taxonomy":"post_tag","embeddable":true,"href":"https:\/\/eacprime.com\/blog\/wp-json\/wp\/v2\/tags?post=25945"}],"curies":[{"name":"wp","href":"https:\/\/api.w.org\/{rel}","templated":true}]}}