{"id":6403,"date":"2022-04-15T09:07:34","date_gmt":"2022-04-15T12:07:34","guid":{"rendered":"https:\/\/www.eacprime.com\/?p=6403"},"modified":"2026-04-23T21:51:20","modified_gmt":"2026-04-23T21:51:20","slug":"conheca-as-profissoes-que-estao-em-alta-na-europa","status":"publish","type":"post","link":"https:\/\/eacprime.com\/blog\/conheca-as-profissoes-que-estao-em-alta-na-europa\/","title":{"rendered":"Conhe\u00e7a as Profiss\u00f5es que est\u00e3o em Alta na Europa"},"content":{"rendered":"<p><span style=\"font-family: arial, helvetica, sans-serif; color: #000000;\">Profiss\u00f5es que est\u00e3o em Alta na Europa, trabalhar fora do pa\u00eds \u00e9 o desejo de muitos brasileiros e, normalmente, a escolha do destino ideal \u00e9 a d\u00favida principal de quem decide trabalhar no exterior. <\/span><\/p>\n<p><span style=\"font-family: arial, helvetica, sans-serif; color: #000000;\">Entender ainda como ingressar no mercado de trabalho europeu tamb\u00e9m \u00e9 uma d\u00favida de estudantes e profissionais.<\/span><\/p>\n<p><span style=\"font-family: arial, helvetica, sans-serif; color: #000000;\">A Europa \u00e9 uma das maiores e mais fortes economias do mundo, \u00e9 um destino popular para muitos acionistas e investidores, como resultado, este continente est\u00e1 impulsionando com novas carreiras e oportunidades de emprego para estrangeiros. <\/span><\/p>\n<p><span style=\"font-family: arial, helvetica, sans-serif; color: #000000;\">Se voc\u00ea est\u00e1 procurando por uma oportunidade, a Europa pode ser o seu destino para obter um dos empregos do futuro. <\/span><\/p>\n<p><span style=\"font-family: arial, helvetica, sans-serif; color: #000000;\">Por isso listamos algumas das profiss\u00f5es mais procuradas para este ano na Europa, confira:<\/span><\/p>\n<h3><strong><span style=\"font-family: arial, helvetica, sans-serif; color: #000000;\">Especialistas em TI<\/span><\/strong><\/h3>\n<p><span style=\"font-family: arial, helvetica, sans-serif; color: #000000;\">Os profissionais em TI assumem espa\u00e7o no mercado de trabalho europeu.<\/span><\/p>\n<p><span style=\"font-family: arial, helvetica, sans-serif; color: #000000;\">A maioria das as empresas est\u00e3o migrando com a digitaliza\u00e7\u00e3o completa de seus sistemas, o que significa um aumento na demanda por especialistas em TI. <\/span><\/p>\n<p><span style=\"font-family: arial, helvetica, sans-serif; color: #000000;\">Eles seriam os principais respons\u00e1veis pela cria\u00e7\u00e3o e manuten\u00e7\u00e3o de sistemas de informa\u00e7\u00e3o para garantir os melhores e mais eficientes resultados poss\u00edveis.<\/span><\/p>\n<p><span style=\"font-family: arial, helvetica, sans-serif; color: #000000;\">Apesar da crescente necessidade de seus servi\u00e7os, os especialistas em TI ainda s\u00e3o escassos na Europa, o que os torna uma \u00f3tima oportunidade para profissionais estrangeiros. <\/span><\/p>\n<p><span style=\"font-family: arial, helvetica, sans-serif; color: #000000;\">Para exercer essa fun\u00e7\u00e3o \u00e9 preciso ter diploma e experi\u00eancia, al\u00e9m de falar ao menos ingl\u00eas.<\/span><\/p>\n<h3><strong><span style=\"font-family: arial, helvetica, sans-serif; color: #000000;\">Engenheiros<\/span><\/strong><\/h3>\n<p><span style=\"font-family: arial, helvetica, sans-serif; color: #000000;\">Se voc\u00ea \u00e9 um profissional de engenharia ter\u00e1 grandes perspectivas de emprego, atualmente, apenas na Alemanha 52 mil vagas aguardam por novos especialistas. <\/span><\/p>\n<p><span style=\"font-family: arial, helvetica, sans-serif; color: #000000;\">Engenheiros, economistas, engenheiros mec\u00e2nicos e engenheiros el\u00e9tricos n\u00e3o t\u00eam motivos para se preocupar. Um grande n\u00famero de especialistas se aposentar\u00e1 nesses setores, e novas vagas ser\u00e3o abertas.<\/span><\/p>\n<p><span style=\"font-family: arial, helvetica, sans-serif; color: #000000;\"> Al\u00e9m disso, a Europa abriga algumas das mais renomadas instala\u00e7\u00f5es de pesquisa do mundo, nas quais a demanda por engenheiros qu\u00edmicos e estruturais, entre muitos outros, \u00e9 o mais alto poss\u00edvel.<\/span><\/p>\n<h3><strong><span style=\"font-family: arial, helvetica, sans-serif; color: #000000;\">Especialistas na \u00e1rea da sa\u00fade<\/span><\/strong><\/h3>\n<p><span style=\"font-family: arial, helvetica, sans-serif; color: #000000;\">Com o envelhecimento populacional na maioria dos pa\u00edses europeus, a \u00e1rea da sa\u00fade est\u00e1 com alta demanda, m\u00e9dicos, enfermeiros, param\u00e9dicos e tudo mais s\u00e3o necess\u00e1rios na Europa.<\/span><\/p>\n<p><span style=\"font-family: arial, helvetica, sans-serif; color: #000000;\"> Ent\u00e3o \u00e9 uma \u00f3tima oportunidade para voc\u00ea se mudar para um pa\u00eds diferente, aprender uma nova l\u00edngua e ganhar experi\u00eancia internacional que ir\u00e1 escalar seu curr\u00edculo para um outro n\u00edvel. <\/span><\/p>\n<p><span style=\"font-family: arial, helvetica, sans-serif; color: #000000;\">A Europa \u00e9 conhecida por seu grande sistema de sa\u00fade, por isso voc\u00ea certamente aprender\u00e1 coisas diferentes e experimentar\u00e1 um novo ambiente de trabalho.<\/span><\/p>\n<p><span style=\"font-family: arial, helvetica, sans-serif; color: #000000;\">Lembre-se que para conseguir um emprego na Europa, voc\u00ea precisar\u00e1 dominar o ingl\u00eas, algo primordial para quem deseja trabalhar no exterior. <\/span><\/p>\n<p><span style=\"font-family: arial, helvetica, sans-serif; color: #000000;\">A maioria dos pa\u00edses europeus tem como idioma a l\u00edngua inglesa, por isso se voc\u00ea deseja alcan\u00e7ar uma carreira promissora na Europa comece hoje mesmo a se preparar para novas oportunidades. <\/span><\/p>\n<p><span style=\"font-family: arial, helvetica, sans-serif; color: #000000;\">Com a EAC voc\u00ea pode conquistar a flu\u00eancia em ingl\u00eas em 8 meses, atrav\u00e9s de seu m\u00e9todo exclusivo. <\/span><\/p>\n<p><span style=\"font-family: arial, helvetica, sans-serif; color: #000000;\">N\u00e3o perca mais tempo, comece hoje mesmo! Seja voc\u00ea tamb\u00e9m um dos mais de <a href=\"https:\/\/www.eacprime.com\/\"><span style=\"color: #0000ff;\"><strong>17 mil alunos fluentes em ingl\u00eas na EAC!<\/strong><\/span><\/a><\/span><\/p>\n","protected":false},"excerpt":{"rendered":"<p>Profiss\u00f5es que est\u00e3o em Alta na Europa, trabalhar fora do pa\u00eds \u00e9 o desejo de muitos brasileiros e, normalmente, a escolha do destino ideal \u00e9 a d\u00favida principal de quem decide trabalhar no exterior. Entender ainda como ingressar no mercado de trabalho europeu tamb\u00e9m \u00e9 uma d\u00favida de estudantes e profissionais. A Europa \u00e9 uma [&hellip;]<\/p>\n","protected":false},"author":1,"featured_media":799,"comment_status":"open","ping_status":"open","sticky":false,"template":"","format":"standard","meta":{"footnotes":""},"categories":[1238],"tags":[],"class_list":["post-6403","post","type-post","status-publish","format-standard","has-post-thumbnail","hentry","category-profissoes"],"_links":{"self":[{"href":"https:\/\/eacprime.com\/blog\/wp-json\/wp\/v2\/posts\/6403","targetHints":{"allow":["GET"]}}],"collection":[{"href":"https:\/\/eacprime.com\/blog\/wp-json\/wp\/v2\/posts"}],"about":[{"href":"https:\/\/eacprime.com\/blog\/wp-json\/wp\/v2\/types\/post"}],"author":[{"embeddable":true,"href":"https:\/\/eacprime.com\/blog\/wp-json\/wp\/v2\/users\/1"}],"replies":[{"embeddable":true,"href":"https:\/\/eacprime.com\/blog\/wp-json\/wp\/v2\/comments?post=6403"}],"version-history":[{"count":1,"href":"https:\/\/eacprime.com\/blog\/wp-json\/wp\/v2\/posts\/6403\/revisions"}],"predecessor-version":[{"id":120750,"href":"https:\/\/eacprime.com\/blog\/wp-json\/wp\/v2\/posts\/6403\/revisions\/120750"}],"wp:featuredmedia":[{"embeddable":true,"href":"https:\/\/eacprime.com\/blog\/wp-json\/wp\/v2\/media\/799"}],"wp:attachment":[{"href":"https:\/\/eacprime.com\/blog\/wp-json\/wp\/v2\/media?parent=6403"}],"wp:term":[{"taxonomy":"category","embeddable":true,"href":"https:\/\/eacprime.com\/blog\/wp-json\/wp\/v2\/categories?post=6403"},{"taxonomy":"post_tag","embeddable":true,"href":"https:\/\/eacprime.com\/blog\/wp-json\/wp\/v2\/tags?post=6403"}],"curies":[{"name":"wp","href":"https:\/\/api.w.org\/{rel}","templated":true}]}}